{"id":315,"date":"2012-03-01T16:47:51","date_gmt":"2012-03-01T15:47:51","guid":{"rendered":"http:\/\/albertorios.eu\/?p=315"},"modified":"2017-08-17T17:49:24","modified_gmt":"2017-08-17T16:49:24","slug":"puntualizaciones-a-un-modelo-de-transicion-fosil-dependiente","status":"publish","type":"post","link":"https:\/\/albertorios.eu\/?p=315","title":{"rendered":"PUNTUALIZACIONES AL ACTUAL MODELO DE TRANSICI\u00d3N FOSIL-DEPENDIENTE"},"content":{"rendered":"<p style=\"text-align: justify;\"><span style=\"color: #000000;\">El 27 de febrero del a\u00f1o 2012 en una entrevista ofrecida a la Televisi\u00f3n Estatal Per\u00fa TV, el actual Ministro de Energ\u00eda y Minas, Jorge Merino Tafur estableci\u00f3 las l\u00edneas estrat\u00e9gicas del Ministerio en el sector energ\u00e9tico peruano. En el presente art\u00edculo se analiza algunas de las propuestas del Ministro y se plantean algunas puntualizaciones a los temas energ\u00e9ticos planteado en la entrevista.\u00a0<\/span><\/p>\n<p><span style=\"color: #000000;\">En la mencionada entrevista se abordaron los siguientes temas energ\u00e9ticos:<\/span><\/p>\n<ul>\n<li><span style=\"color: #000000;\">Precio de los combustibles y empleo del gas natural<\/span><\/li>\n<li><span style=\"color: #000000;\">Sector hidroel\u00e9ctrico<\/span><\/li>\n<\/ul>\n<p style=\"text-align: justify;\"><span style=\"color: #000000;\"><!--more--><\/span><\/p>\n<p style=\"text-align: justify;\"><span style=\"color: #000000;\"><strong>Precio de los combustibles y empleo del gas natural<\/strong><\/span><\/p>\n<p style=\"text-align: justify;\"><span style=\"color: #000000;\">Es realmente alentador que desde el Ministerio se plantee la necesidad de sincerar los precios del combustible empleado por el parque automotor. Se propone, con acierto, que la pol\u00edtica de estabilizaci\u00f3n del precio de los combustibles debe ser focalizado para que favorezca a los sectores menos pudientes de la poblaci\u00f3n.<\/span><\/p>\n<p style=\"text-align: justify;\"><span style=\"color: #000000;\">Asimismo, indica el Ministro que los menos afectados con el incremento del precio del combustible son los taxistas que han convertido sus coches a gas. Se propone, adem\u00e1s, un proceso de transici\u00f3n de petro-dependencia a gas-dependencia basados, al parecer, en los inacabables recursos del gas.<\/span><\/p>\n<ul style=\"text-align: justify;\">\n<li><span style=\"color: #000000;\">Primera puntualizaci\u00f3n, la existencia de inconmensurables recursos gas\u00edferos deber\u00eda ser acompa\u00f1ada por el descubrimiento real de reservas de gas. A d\u00eda de hoy, las reservas existentes son las que ha certificado el Ministerio de Energ\u00eda y Minas. Por tanto, se deber\u00eda realizar el an\u00e1lisis del proceso de transici\u00f3n energ\u00e9tica en funci\u00f3n de las reservas realmente existentes y no en base a los deseos de existencia de reservas. Es importante indicar que el Per\u00fa, un pa\u00eds otrora exportador de petr\u00f3leo es hoy importador neto de petr\u00f3leo, tanto que desde el Ministerio de Energ\u00eda y Minas, con gran acierto, se habla de petro-dependencia y de la necesidad de iniciar un proceso de transici\u00f3n al gas, gas-dependencia.<\/span><\/li>\n<li><span style=\"color: #000000;\">Segunda puntualizaci\u00f3n, el gas al igual que el petr\u00f3leo es un recurso f\u00f3sil, que tarde o temprano se acabar\u00e1, por tanto, ese proceso de transici\u00f3n de petr\u00f3leo a gas deber\u00e1 ser acompa\u00f1ado con la creaci\u00f3n de la capacidad tecnol\u00f3gica de sustituir el gas natural en un periodo de 20-30 a\u00f1os, tanto el sector transporte, dom\u00e9stico, industrial, petroqu\u00edmico y en el sector el\u00e9ctrico.<\/span><\/li>\n<li><span style=\"color: #000000;\">Tercera puntualizaci\u00f3n, las actuales reservas de gas son escasas para todas las\u00a0demandas actuales y futuras de consumo de gas\u00a0en diversos sectores. Es decir, es necesario priorizar el uso del gas y emplearlo de forma inteligente. El supuesto de que el Per\u00fa es un pa\u00eds que se asfixia en gas natural puede llevar a la inconsistente conclusi\u00f3n de un consumo irresponsable de este preciado y noble combustible.<\/span><\/li>\n<\/ul>\n<p style=\"text-align: justify;\"><span style=\"color: #000000;\">Se proponen algunas acciones que permitir\u00edan reducir la dependencia del petr\u00f3leo en el sector transporte y minimizar la dependencia del gas en un futuro cercano:<\/span><\/p>\n<ul style=\"text-align: justify;\">\n<li><span style=\"color: #000000;\">Elaborar una pol\u00edtica de movilidad sostenible y transporte eficiente, que desarrolle estructuras para v\u00edas ciclistas y priorice el transporte p\u00fablico a gas y biocombustibles. El objetivo fundamental de una pol\u00edtica de despetrolizaci\u00f3n del transporte es desmotivar el uso del transporte privado y trasladar de forma instant\u00e1nea el incremento de los precios de los derivados del petr\u00f3leo a los usuarios de este tipo de transporte.<\/span><\/li>\n<li><span style=\"color: #000000;\">Elaborar una pol\u00edtica de sustituci\u00f3n de recursos f\u00f3siles, que fomente la investigaci\u00f3n en nuevas tecnolog\u00edas de transporte sostenible y biocombustibles de sustituci\u00f3n de los derivados de petr\u00f3leo y gas en un plazo de 10 a\u00f1os. El gas es un combustible de transici\u00f3n energ\u00e9tica, puesto que al ser un recurso f\u00f3sil tarde o temprano se terminar\u00e1 y ser\u00e1 necesario reconvertir\/adaptar los sistemas de gas a otro combustible, biocombustible. El objetivo de la disposici\u00f3n de tecnolog\u00edas y biocombustibles de sustituci\u00f3n del gas es minimizar el efecto en los sectores econ\u00f3micos dependientes del gas\u00a0en\u00a0un inexorable\u00a0proceso de transici\u00f3n energ\u00e9tica y sustituci\u00f3n del gas natural.<\/span><\/li>\n<li><span style=\"color: #000000;\">Elaborar estudios t\u00e9cnicos, econ\u00f3micos y medioambientales que prioricen el empleo del gas en los diversos sectores que lo demandan \u2013 transporte, industria, sector el\u00e9ctrico, dom\u00e9stico, petroqu\u00edmico, etc.- y que en un escenario de escasez de gas permita su r\u00e1pida reconversi\u00f3n o adaptaci\u00f3n tecnol\u00f3gica a biocombustibles de origen nacional.<\/span><\/li>\n<\/ul>\n<p style=\"text-align: justify;\"><span style=\"color: #000000;\"><strong>Sector hidroel\u00e9ctrico<\/strong><\/span><\/p>\n<p style=\"text-align: justify;\"><span style=\"color: #000000;\">El actual Ministro de Energ\u00eda y Minas sostiene la necesidad de abordar una masiva construcci\u00f3n de centrales hidr\u00e1ulicas. La mencionada afirmaci\u00f3n se sustenta en el previsible incremento del crecimiento de la demanda el\u00e9ctrica en los pr\u00f3ximos a\u00f1os en el Per\u00fa.<\/span><\/p>\n<p style=\"text-align: justify;\"><span style=\"color: #000000;\">Asimismo, una afirmaci\u00f3n m\u00e1s que discutible es sostener que en el Per\u00fa sobra agua. El Per\u00fa es uno de los pa\u00edses m\u00e1s afectados por el cambio clim\u00e1tico y existen serios indicios de que los nevados de las cordilleras andinas est\u00e1n perdiendo volumen, lo cual generar\u00e1 un estr\u00e9s h\u00eddrico y, por tanto, una posible escasez de agua y de falta de energ\u00eda primaria para el funcionamiento de las centrales hidroel\u00e9ctricas. Un riesgo que es necesario evaluar de forma adecuada.<\/span><\/p>\n<ul>\n<li>\n<div style=\"text-align: justify;\"><span style=\"color: #000000;\">Primera puntualizaci\u00f3n, efectivamente en los \u00faltimos a\u00f1os el crecimiento del consumo el\u00e9ctrico en el Per\u00fa ha presentado un tasa media del 8%. Sin embargo, no existen estudios de ahorro y eficiencia energ\u00e9tica que permitan minimizar la construcci\u00f3n de centrales hidroel\u00e9ctricas y, por tanto, minimizar el impacto medioambiental de la construcci\u00f3n de peque\u00f1as, medianas y grandes centrales hidroel\u00e9ctricas.<\/span><\/div>\n<\/li>\n<li>\n<div style=\"text-align: justify;\"><span style=\"color: #000000;\">Segunda puntualizaci\u00f3n, se deber\u00eda proceder a un an\u00e1lisis muy serio del impacto del cambio clim\u00e1tico en el comportamiento de los r\u00edos del Per\u00fa y en funci\u00f3n de los resultados de las evaluaciones proceder a elaborar un plan de construcci\u00f3n de centrales hidroel\u00e9ctricas. No parece l\u00f3gico basar la cobertura de la futura demanda el\u00e9ctrica del Per\u00fa en una tecnolog\u00eda en la que, al parecer, existen serios indicios de impacto del cambio clim\u00e1tico en el comportamiento de las cuencas hidrogr\u00e1ficas del Per\u00fa.<\/span><\/div>\n<\/li>\n<\/ul>\n<p style=\"text-align: justify;\"><span style=\"color: #000000;\">Se proponen algunas acciones que permitir\u00edan minimizar la construcci\u00f3n de centrales hidroel\u00e9ctricas y el impacto medioambiental asociado:<\/span><\/p>\n<ul style=\"text-align: justify;\">\n<li><span style=\"color: #000000;\">Elaborar un estudio de zonificaci\u00f3n de las cuencas hidrogr\u00e1ficas en concordancia con el Ministerio del Ambiente y el Ministerio de Agricultura. El objetivo primordial del estudio es evaluar la situaci\u00f3n de las cuencas hidrogr\u00e1ficas y los posibles impactos econ\u00f3micos, sociales y medioambientales de una masiva construcci\u00f3n de centrales hidroel\u00e9ctricas y proponer zonas de construcci\u00f3n y zonas de prohibici\u00f3n.<\/span><\/li>\n<li><span style=\"color: #000000;\">Elaborar un estudio de repotenciaci\u00f3n de las centrales hidroel\u00e9ctricas existentes como una propuesta de entrega r\u00e1pida de energ\u00eda el\u00e9ctrica al SEIN, evitando la construcci\u00f3n de centrales hidroel\u00e9ctrica adicionales e innecesarias.<\/span><\/li>\n<li><span style=\"color: #000000;\">Elaborar un Plan de Ahorro y Eficiencia Energ\u00e9tica en el sector de la generaci\u00f3n, transporte, distribuci\u00f3n y consumo de energ\u00eda el\u00e9ctrica con el objetivo de incentivar el ahorro y eficiencia, que permita evitar la construcci\u00f3n de grandes instalaciones el\u00e9ctricas basadas en recursos f\u00f3siles, principalmente el gas natural.<\/span><\/li>\n<li><span style=\"color: #000000;\">Elaborar un estudio de maximizaci\u00f3n de la integraci\u00f3n de sistemas renovables de generaci\u00f3n el\u00e9ctrica en el SEIN, que permitan a largo plazo sustituir las actuales centrales de ciclo combinado por centrales e\u00f3licas, de biomasa y solares basadas en recursos aut\u00f3ctonos e inacabables.<\/span><\/li>\n<\/ul>\n<p style=\"text-align: justify;\"><span style=\"color: #000000;\">Seg\u00fan se desprende de las declaraciones del Ministro de Energ\u00eda y Minas, en las altas esferas del Estado se empieza a clarificar una pol\u00edtica de transici\u00f3n energ\u00e9tica, no obstante es necesario indicar que en el proceso de transici\u00f3n energ\u00e9tica hacia el gas se deber\u00eda incluir un apuesta m\u00e1s decidida por las energ\u00edas renovables, el consumo inteligente, el ahorro y la eficiencia energ\u00e9tica en diversos sectores econ\u00f3micos del pa\u00eds.<\/span><\/p>\n<p style=\"text-align: justify;\"><span style=\"color: #000000;\"><strong>Madrid, a 1 de Marzo del a\u00f1o 2012\u00a0 <\/strong><\/span><\/p>\n<!-- AddThis Advanced Settings generic via filter on the_content --><!-- AddThis Share Buttons generic via filter on the_content -->","protected":false},"excerpt":{"rendered":"<p>El 27 de febrero del a\u00f1o 2012 en una entrevista ofrecida a la Televisi\u00f3n Estatal Per\u00fa TV, el actual Ministro de Energ\u00eda y Minas, Jorge Merino Tafur estableci\u00f3 las l\u00edneas estrat\u00e9gicas del Ministerio en el sector energ\u00e9tico peruano. En el &hellip; <a href=\"https:\/\/albertorios.eu\/?p=315\">Sigue leyendo <span class=\"meta-nav\">&rarr;<\/span><\/a><!-- AddThis Advanced Settings generic via filter on wp_trim_excerpt --><!-- AddThis Share Buttons generic via filter on wp_trim_excerpt --><\/p>\n","protected":false},"author":1,"featured_media":494,"comment_status":"closed","ping_status":"open","sticky":false,"template":"","format":"standard","meta":{"footnotes":""},"categories":[7,8,6,5,1],"tags":[],"class_list":["post-315","post","type-post","status-publish","format-standard","has-post-thumbnail","hentry","category-energias-renovables","category-gas","category-modelo-energetico","category-petroleo","category-sector-electrico"],"_links":{"self":[{"href":"https:\/\/albertorios.eu\/index.php?rest_route=\/wp\/v2\/posts\/315","targetHints":{"allow":["GET"]}}],"collection":[{"href":"https:\/\/albertorios.eu\/index.php?rest_route=\/wp\/v2\/posts"}],"about":[{"href":"https:\/\/albertorios.eu\/index.php?rest_route=\/wp\/v2\/types\/post"}],"author":[{"embeddable":true,"href":"https:\/\/albertorios.eu\/index.php?rest_route=\/wp\/v2\/users\/1"}],"replies":[{"embeddable":true,"href":"https:\/\/albertorios.eu\/index.php?rest_route=%2Fwp%2Fv2%2Fcomments&post=315"}],"version-history":[{"count":31,"href":"https:\/\/albertorios.eu\/index.php?rest_route=\/wp\/v2\/posts\/315\/revisions"}],"predecessor-version":[{"id":2370,"href":"https:\/\/albertorios.eu\/index.php?rest_route=\/wp\/v2\/posts\/315\/revisions\/2370"}],"wp:featuredmedia":[{"embeddable":true,"href":"https:\/\/albertorios.eu\/index.php?rest_route=\/wp\/v2\/media\/494"}],"wp:attachment":[{"href":"https:\/\/albertorios.eu\/index.php?rest_route=%2Fwp%2Fv2%2Fmedia&parent=315"}],"wp:term":[{"taxonomy":"category","embeddable":true,"href":"https:\/\/albertorios.eu\/index.php?rest_route=%2Fwp%2Fv2%2Fcategories&post=315"},{"taxonomy":"post_tag","embeddable":true,"href":"https:\/\/albertorios.eu\/index.php?rest_route=%2Fwp%2Fv2%2Ftags&post=315"}],"curies":[{"name":"wp","href":"https:\/\/api.w.org\/{rel}","templated":true}]}}