{"id":303,"date":"2012-02-19T18:16:05","date_gmt":"2012-02-19T17:16:05","guid":{"rendered":"http:\/\/albertorios.eu\/?p=303"},"modified":"2013-05-03T12:28:47","modified_gmt":"2013-05-03T11:28:47","slug":"renacimiento-hidroelectrico-peruano","status":"publish","type":"post","link":"https:\/\/albertorios.eu\/?p=303","title":{"rendered":"\u00bfRENACIMIENTO HIDROEL\u00c9CTRICO PERUANO?"},"content":{"rendered":"<p style=\"text-align: justify;\">\n<p style=\"text-align: justify;\"><span style=\"color: #000000;\">El 17 de febrero del a\u00f1o 2012 apareci\u00f3 en la prensa nacional una noticia que se podr\u00eda traducir como el renacimiento hidroel\u00e9ctrico peruano,\u00a0por decisi\u00f3n de las altas esferas del Estado Peruano.<\/span><\/p>\n<p style=\"text-align: justify;\"><span style=\"color: #000000;\"><!--more--><\/span><\/p>\n<p style=\"text-align: justify;\"><span style=\"color: #000000;\"><strong>Una pol\u00edtica de suministro el\u00e9ctrico diferente<\/strong><\/span><\/p>\n<p style=\"text-align: justify;\"><span style=\"color: #000000;\">La nota informativa indica que el Ministerio de Energ\u00eda y Minas promover\u00e1 la construcci\u00f3n de centrales hidroel\u00e9ctricas hasta el a\u00f1o 2018 debido a un importante crecimiento del consumo el\u00e9ctrico nacional en los pr\u00f3ximos a\u00f1os, asociado al crecimiento econ\u00f3mico del pa\u00eds.<\/span><\/p>\n<p style=\"text-align: justify;\"><span style=\"color: #000000;\">En un art\u00edculo anterior, se describi\u00f3 la preocupante din\u00e1mica de crecimiento exponencial que registra el consumo el\u00e9ctrico en el Per\u00fa y la necesidad de crear mecanismos para reducir ese consumo y aminorar su correspondiente impacto medioambiental y agotamiento de los escasos recursos f\u00f3sles del pa\u00eds.<\/span><\/p>\n<p style=\"text-align: justify;\"><span style=\"color: #000000;\">La tesis central de esa propuesta se basa en la dr\u00e1stica reducci\u00f3n del consumo el\u00e9ctrico basado en planes de ahorro y eficiencia energ\u00e9tica\u00a0as\u00ed como el inicio del inaplazable reemplazo de centrales el\u00e9ctricas convencionales por sistemas renovables de generaci\u00f3n el\u00e9ctrica.<\/span><\/p>\n<p style=\"text-align: justify;\"><span style=\"color: #000000;\">En el caso de las centrales hidroel\u00e9ctricas es importante se\u00f1alar que estos sistemas de generaci\u00f3n no son del todo inocuos en su impacto medioambiental, por lo que es importante establecer unas estrictas condiciones de respeto al entorno medioambiental en el que se construir\u00e1n estas instalaciones.<\/span><\/p>\n<p style=\"text-align: justify;\"><span style=\"color: #000000;\">No se debe permitir que en este proceso de renacimiento hidroel\u00e9ctrico nacional se simplifiquen o peor aun se obvien los estudios de impacto medioambiental.<\/span><\/p>\n<p style=\"text-align: justify;\"><span style=\"color: #000000;\">Es tristemente sorprendente que no exista un estudio en el Ministerio de Energ\u00eda y Minas que analice el alcance de un Plan Nacional de Ahorro y Eficiencia Energ\u00e9tica 2012-2020 y su impacto en la muy probable reducci\u00f3n del n\u00famero de centrales convencionales, incluyendo las hidroel\u00e9ctricas, a construir en la pr\u00f3xima d\u00e9cada.<\/span><\/p>\n<p style=\"text-align: justify;\"><span style=\"color: #000000;\">Tampoco existe un estudio de potencia adicional instalable en las diferentes centrales hidroel\u00e9ctricas del Per\u00fa, algo l\u00f3gico si se necesita una r\u00e1pida inyecci\u00f3n de energ\u00eda, considerando los largos plazos de construcci\u00f3n que suelen acompa\u00f1ar a las instalaciones hidroel\u00e9ctricas.<\/span><\/p>\n<p style=\"text-align: justify;\"><span style=\"color: #000000;\">Quiz\u00e1s una de las prioridades del Ministerio de Energ\u00eda y Minas sea proponer la evaluaci\u00f3n t\u00e9cnica de la repotenciaci\u00f3n de las centrales hidroel\u00e9ctricas actualmente existentes acompa\u00f1ada de un profundo estudio de la capacidad de reducci\u00f3n de consumo energ\u00e9tico a nivel nacional por la implementaci\u00f3n de un Plan Nacional de Ahorro y Eficiencia Energ\u00e9tica antes de proceder a la desbocada construcci\u00f3n de centrales hidroel\u00e9ctricas a lo largo y ancho del territorio nacional.<\/span><\/p>\n<p style=\"text-align: justify;\"><span style=\"color: #000000;\"><strong>El potencial hidroel\u00e9ctrico peruano<\/strong><\/span><\/p>\n<p style=\"text-align: justify;\"><span style=\"color: #000000;\">Seg\u00fan estudios existentes, y ya bastantes desfasados, el potencial hidroel\u00e9ctrico peruano se estima que es de aproximadamente unos 200000 MW. Se especifica en esos estudios, adem\u00e1s, que t\u00e9cnica y econ\u00f3micamente aprovechable son unos 60000 MW de potencia instalable.<\/span><\/p>\n<p style=\"text-align: justify;\"><span style=\"color: #000000;\">En el caso peruano, debido a las caracter\u00edsticas geogr\u00e1ficas del territorio nacional, las centrales hidroel\u00e9ctricas pueden construirse en la vertiente del Pacifico o en la vertiente Atl\u00e1ntica.<\/span><\/p>\n<p style=\"text-align: justify;\"><span style=\"color: #000000;\">En ambas vertientes es posible construir centrales hidroel\u00e9ctricas de alta monta\u00f1a. Estas centrales se caracterizan por ser de tama\u00f1o mediano, disponen de alturas importantes de ca\u00edda del agua y no emplean grandes reservorios o embalses. Exigen, no obstante la construcci\u00f3n de t\u00faneles, conductos forzados y peque\u00f1os reservorios. El impacto medioambiental y social es limitado, lo que no le exime de una seria y rigurosa evaluaci\u00f3n medioambiental.<\/span><\/p>\n<p style=\"text-align: justify;\"><span style=\"color: #000000;\">Por otro lado, en la vertiente amaz\u00f3nica, la construcci\u00f3n centrales hidroel\u00e9ctricas en la Amazonia es viable para grandes instalaciones con amplios territorios inundados y con un impacto medio ambiental, econ\u00f3mico y social muy importante.<\/span><\/p>\n<p style=\"text-align: justify;\"><span style=\"color: #000000;\">La apuesta por una acelerada construcci\u00f3n de centrales hidroel\u00e9ctricas en el Per\u00fa desprecia la existencia de otras alternativas tecnol\u00f3gicas m\u00e1s respetables con el medio ambiente y con mayor capacidad de generaci\u00f3n de empleo e inclusi\u00f3n social.<\/span><\/p>\n<p style=\"text-align: justify;\"><span style=\"color: #000000;\"><strong>Hacia una pol\u00edtica hidroel\u00e9ctrica sostenible<\/strong><\/span><\/p>\n<p style=\"text-align: justify;\"><span style=\"color: #000000;\">Antes alentar un discutible renacimiento de la construcci\u00f3n de centrales hidroel\u00e9ctricas en el Per\u00fa se deber\u00eda analizar las siguientes opciones:<\/span><\/p>\n<ul style=\"text-align: justify;\">\n<li><span style=\"color: #000000;\">Realizar un estudio del impacto econ\u00f3mico y social del establecimiento de pol\u00edticas nacionales de ahorro y eficiencia energ\u00e9tica a largo plazo en todos los sectores consumidores de energ\u00eda del pa\u00eds.<\/span><\/li>\n<li><span style=\"color: #000000;\">Proponer la realizaci\u00f3n de un estudio t\u00e9cnico que eval\u00fae la posibilidad de repotenciar las centrales hidroel\u00e9ctricas actualmente existentes y evitar una innecesaria y masiva construcci\u00f3n de grandes instalaciones hidroel\u00e9ctricas.<\/span><\/li>\n<li><span style=\"color: #000000;\">Elaborar un estudio del impacto medioambiental, econ\u00f3mico y social de las centrales hidroel\u00e9ctricas existentes y en estado de proyecto en el Per\u00fa. El objetivo central de este estudio es determinar el grado de impacto de estas instalaciones y establecer zonas del pa\u00eds aptas para la construcci\u00f3n de centrales hidroel\u00e9ctricas y zonas de prohibici\u00f3n de este tipo de instalaciones en determinadas cuencas hidrogr\u00e1ficas.<\/span><\/li>\n<\/ul>\n<p style=\"text-align: justify;\"><span style=\"color: #000000;\">Los criterios de impacto a evaluar para la elaboraci\u00f3n de zonas viables a la construcci\u00f3n de las centrales hidroel\u00e9ctricas deber\u00e1n estar asociados a la influencia en las actividades humanas, en los procesos migratorios y de reproducci\u00f3n de las especies de los r\u00edos, en la inundaci\u00f3n de amplios territorios, en la erosi\u00f3n de las zonas inundadas, en la reducci\u00f3n de los sedimentos nutritivos en las zonas aguas abajo de las represas , en la emisi\u00f3n de metano en las aguas estancas de los embalses &#8211; por la putrefacci\u00f3n de materia org\u00e1nica \u2013 y en el proceso de funcionamiento de las turbinas hidr\u00e1ulicas, en la formaci\u00f3n de metil mercurio, un elemento neurot\u00f3xico con alta capacidad de intoxicaci\u00f3n de los seres vivos y en la destrucci\u00f3n de la biodiversidad inherente a sistemas generadores de vida, que son los r\u00edos.<\/span><\/p>\n<p style=\"text-align: justify;\"><span style=\"color: #000000;\">Es importante divulgar la existencia de alternativas a la construcci\u00f3n de grandes centrales hidroel\u00e9ctricas y proponer el inicio de un proceso de reducci\u00f3n del consumo energ\u00e9tico de alcance nacional, basado en el consumo inteligente, en el ahorro y la eficiencia energ\u00e9tica y en la masificaci\u00f3n de instalaciones renovables de reducido impacto medioambiental.<\/span><\/p>\n<p><span style=\"color: #000000;\"><strong>Madrid, a 19 de Febrero del a\u00f1o 2012\u00a0 <\/strong><\/span><\/p>\n<!-- AddThis Advanced Settings generic via filter on the_content --><!-- AddThis Share Buttons generic via filter on the_content -->","protected":false},"excerpt":{"rendered":"<p>El 17 de febrero del a\u00f1o 2012 apareci\u00f3 en la prensa nacional una noticia que se podr\u00eda traducir como el renacimiento hidroel\u00e9ctrico peruano,\u00a0por decisi\u00f3n de las altas esferas del Estado Peruano.<!-- AddThis Advanced Settings generic via filter on wp_trim_excerpt --><!-- AddThis Share Buttons generic via filter on wp_trim_excerpt --><\/p>\n","protected":false},"author":1,"featured_media":501,"comment_status":"closed","ping_status":"open","sticky":false,"template":"","format":"standard","meta":{"footnotes":""},"categories":[7,6,1],"tags":[],"class_list":["post-303","post","type-post","status-publish","format-standard","has-post-thumbnail","hentry","category-energias-renovables","category-modelo-energetico","category-sector-electrico"],"_links":{"self":[{"href":"https:\/\/albertorios.eu\/index.php?rest_route=\/wp\/v2\/posts\/303","targetHints":{"allow":["GET"]}}],"collection":[{"href":"https:\/\/albertorios.eu\/index.php?rest_route=\/wp\/v2\/posts"}],"about":[{"href":"https:\/\/albertorios.eu\/index.php?rest_route=\/wp\/v2\/types\/post"}],"author":[{"embeddable":true,"href":"https:\/\/albertorios.eu\/index.php?rest_route=\/wp\/v2\/users\/1"}],"replies":[{"embeddable":true,"href":"https:\/\/albertorios.eu\/index.php?rest_route=%2Fwp%2Fv2%2Fcomments&post=303"}],"version-history":[{"count":10,"href":"https:\/\/albertorios.eu\/index.php?rest_route=\/wp\/v2\/posts\/303\/revisions"}],"predecessor-version":[{"id":1501,"href":"https:\/\/albertorios.eu\/index.php?rest_route=\/wp\/v2\/posts\/303\/revisions\/1501"}],"wp:featuredmedia":[{"embeddable":true,"href":"https:\/\/albertorios.eu\/index.php?rest_route=\/wp\/v2\/media\/501"}],"wp:attachment":[{"href":"https:\/\/albertorios.eu\/index.php?rest_route=%2Fwp%2Fv2%2Fmedia&parent=303"}],"wp:term":[{"taxonomy":"category","embeddable":true,"href":"https:\/\/albertorios.eu\/index.php?rest_route=%2Fwp%2Fv2%2Fcategories&post=303"},{"taxonomy":"post_tag","embeddable":true,"href":"https:\/\/albertorios.eu\/index.php?rest_route=%2Fwp%2Fv2%2Ftags&post=303"}],"curies":[{"name":"wp","href":"https:\/\/api.w.org\/{rel}","templated":true}]}}