{"id":294,"date":"2012-02-18T04:39:35","date_gmt":"2012-02-18T03:39:35","guid":{"rendered":"http:\/\/albertorios.eu\/?p=294"},"modified":"2013-05-03T12:27:58","modified_gmt":"2013-05-03T11:27:58","slug":"analisis-del-crecimiento-exponencial-consumo-electrico-y-pib","status":"publish","type":"post","link":"https:\/\/albertorios.eu\/?p=294","title":{"rendered":"AN\u00c1LISIS DEL CRECIMIENTO EXPONENCIAL: CONSUMO EL\u00c9CTRICO Y PIB"},"content":{"rendered":"<p style=\"text-align: justify;\">\n<p style=\"text-align: justify;\"><span style=\"color: #000000;\">El Per\u00fa ha iniciado en los \u00faltimos 7 a\u00f1os, al parecer inexorablemente, un \u00a0proceso de crecimiento econ\u00f3mico y consumo el\u00e9ctrico de car\u00e1cter exponencial. Se presenta un an\u00e1lisis de la problem\u00e1tica del crecimiento exponencial en un horizonte a largo plazo.<\/span><\/p>\n<p><span style=\"color: #000000;\"><!--more--><\/span><\/p>\n<p style=\"text-align: justify;\"><span style=\"color: #000000;\"><strong>El crecimiento econ\u00f3mico del Per\u00fa<\/strong><\/span><\/p>\n<p style=\"text-align: justify;\"><span style=\"color: #000000;\">El crecimiento econ\u00f3mico del pa\u00eds se mide en t\u00e9rminos del incremento del Producto Interior Bruto.\u00a0En la figura 1, seg\u00fan datos de la Agencia de Promoci\u00f3n de la Inversi\u00f3n Privada en el Per\u00fa, ProInversi\u00f3n, el PIB del Per\u00fa a finales del 2011 alcanz\u00f3 los 176 mil millones de d\u00f3lares.<\/span><\/p>\n<p style=\"text-align: justify;\"><span style=\"color: #000000;\">En la figura 1 se presenta el incremento exponencial del PIB experimentado en el Per\u00fa en los \u00faltimos 10 a\u00f1os. No obstante, es importante indicar que ese crecimiento exponencial presenta una anomal\u00eda correspondiente al a\u00f1o 2008, reflejando de forma inequ\u00edvoca una peligrosa dependencia del modelo econ\u00f3mico peruano a los vaivenes y contracciones importadoras de los pa\u00edses industrializados.<\/span><\/p>\n<p style=\"text-align: justify;\"><span style=\"color: #000000;\"><a href=\"http:\/\/albertorios.eu\/?attachment_id=989\" rel=\"attachment wp-att-989\"><span style=\"color: #000000;\"><img decoding=\"async\" class=\"aligncenter size-full wp-image-989\" title=\"PBI Peru 2011\" src=\"http:\/\/albertorios.eu\/wp-content\/uploads\/2012\/02\/PBI-Peru-2011.bmp\" alt=\"\" \/><\/span><\/a><\/span><\/p>\n<p align=\"center\"><span style=\"color: #000000;\"><strong>Figura 1: Evoluci\u00f3n del PIB del Per\u00fa desde el a\u00f1o 2000 al a\u00f1o 2011. Fuente ProInversion<\/strong><\/span><\/p>\n<p style=\"text-align: justify;\"><span style=\"color: #000000;\"><strong>El consumo el\u00e9ctrico en el Per\u00fa<\/strong><\/span><\/p>\n<p style=\"text-align: justify;\"><span style=\"color: #000000;\">En relaci\u00f3n al consumo el\u00e9crtico, el Ministerio de Energ\u00eda y Minas, en su informe anual \u201cPer\u00fa: Sector El\u00e9ctrico 2010\u201d, inform\u00f3 que en\u00a0el\u00a0quinquenio de 2004-2009\u00a0la producci\u00f3n de energ\u00eda el\u00e9ctrica a nivel nacional y en el SEIN experiment\u00f3 un crecimiento\u00a0del 7%\u00a0de promedio anual, es decir, aproximadamente 1800 GWh\/anuales, figura 2.<\/span><\/p>\n<p style=\"text-align: justify;\"><span style=\"color: #000000;\"><a href=\"http:\/\/albertorios.eu\/wp-content\/uploads\/2012\/02\/Crecimiento-2.jpg\"><span style=\"color: #000000;\"><img loading=\"lazy\" decoding=\"async\" class=\"aligncenter  wp-image-296\" title=\"Crecimiento 2\" src=\"http:\/\/albertorios.eu\/wp-content\/uploads\/2012\/02\/Crecimiento-2-300x150.jpg\" alt=\"\" width=\"445\" height=\"263\" \/><\/span><\/a><\/span><\/p>\n<p align=\"center\"><span style=\"color: #000000;\"><strong>Figura 2: Evoluci\u00f3n del consumo el\u00e9ctrico del Per\u00fa \u00a0de 2000 al 2009. <\/strong><\/span><\/p>\n<p align=\"center\"><span style=\"color: #000000;\"><strong>Fuente: COES<\/strong><\/span><\/p>\n<p style=\"text-align: justify;\"><span style=\"color: #000000;\">En el informe \u201cResumen Estad\u00edstico Anual del SEIN 2011\u201d del COES, se observa que la producci\u00f3n anual de energ\u00eda el\u00e9ctrica en el a\u00f1o 2011 totaliz\u00f3 35217,43 GWh que represent\u00f3 un incremento del 8,61% superior al registrado en el a\u00f1o 2010 que fue de 32426,83 GWh.\u00a0En la tabla 1, se presenta la producci\u00f3n el\u00e9ctrica en el SEIN en el 2010 y 2011.<\/span><\/p>\n<p style=\"text-align: justify;\"><span style=\"color: #000000;\"><a href=\"http:\/\/albertorios.eu\/?attachment_id=990\" rel=\"attachment wp-att-990\"><span style=\"color: #000000;\"><img decoding=\"async\" class=\"aligncenter size-full wp-image-990\" title=\"Electricdad 2010 2011\" src=\"http:\/\/albertorios.eu\/wp-content\/uploads\/2012\/02\/Electricdad-2010-2011.bmp\" alt=\"\" \/><\/span><\/a><\/span><\/p>\n<p style=\"text-align: center;\"><span style=\"color: #000000;\"><strong>Tabla 1: Producci\u00f3n el\u00e9ctrica en el Per\u00fa en el 2010 y 2011. <\/strong><\/span><\/p>\n<p style=\"text-align: center;\"><span style=\"color: #000000;\"><strong>Fuente: COES<\/strong><\/span><\/p>\n<p style=\"text-align: justify;\"><span style=\"color: #000000;\">Se podr\u00eda deducir que el incremento anual de producci\u00f3n el\u00e9ctrica en los \u00faltimos 7 a\u00f1os es de\u00a0entre el 7-8%.\u00a0Un crecimiento del consumo el\u00e9ctrico del 8% implica que en menos de 9 a\u00f1os\u00a0el consumo el\u00e9ctrico del pa\u00eds se duplicar\u00e1, exigiendo la construcci\u00f3n de grandes y\/o numerosas instalaciones el\u00e9ctricas.<\/span><\/p>\n<p style=\"text-align: justify;\"><span style=\"color: #000000;\"><strong>La incomprensi\u00f3n del crecimiento exponencial<\/strong><\/span><\/p>\n<p style=\"text-align: justify;\"><span style=\"color: #000000;\">La visi\u00f3n cortoplacista instalada en el discurso actualmente dominante pretende resolver este desbocado consumo el\u00e9ctrico con la construcci\u00f3n de m\u00e1s y m\u00e1s grandes instalaciones convencionales de generaci\u00f3n el\u00e9ctrica (instalaciones hidroel\u00e9ctricas y\/o centrales t\u00e9rmicas de gas natural) sin considerar que esta soluci\u00f3n conlleva la destrucci\u00f3n de grandes espacios medioambientales, a menudo con impactos ecol\u00f3gicos irreversibles, y el agotamiento acelerado de los escasos recursos de gas natural actualmente existentes, hipotecando con esta irresponsable actitud el futuro de las generaciones venideras.<\/span><\/p>\n<p style=\"text-align: justify;\"><span style=\"color: #000000;\">La explicaci\u00f3n del cortoplacismo y miop\u00eda energ\u00e9tica a largo plazo se debe a la incomprensi\u00f3n del fen\u00f3meno de crecimiento exponencial.<\/span><\/p>\n<p style=\"text-align: justify;\"><span style=\"color: #000000;\">En el caso de las centrales hidroel\u00e9ctricas, se ha planteado la peligrosa propuesta de abordar un amplio plan de construcci\u00f3n de instalaciones hidroel\u00e9ctricas, sin considerar, adem\u00e1s,\u00a0el stress h\u00eddrico que sufren los r\u00edos, debido a la p\u00e9rdida de masa glaciar en las cordilleras del Per\u00fa.<\/span><\/p>\n<p style=\"text-align: justify;\"><span style=\"color: #000000;\">La irresponsabilidad de promover estas construcciones bajo un horizonte de grave impacto del cambio clim\u00e1tico en las cuencas hidrogr\u00e1ficas del Per\u00fa refleja una visi\u00f3n a corto plazo y la inexistencia de una planificaci\u00f3n y estrategia energ\u00e9tica basada en criterios de sostenibilidad a largo plazo.<\/span><\/p>\n<p style=\"text-align: justify;\"><span style=\"color: #000000;\"><strong>El crecimiento exponencial en el caso del gas de Camisea<\/strong><\/span><\/p>\n<p style=\"text-align: justify;\"><span style=\"color: #000000;\">En la figura 3, se observa la evoluci\u00f3n de la producci\u00f3n de gas natural desde el a\u00f1o 2002 hasta abril del 2012, seg\u00fan Per\u00fa-Petro, Agencia Nacional de Hidrocarburos.\u00a0La producci\u00f3n de gas natural en el a\u00f1o 2011 alcanz\u00f3 los 401.169,0 millones de pies c\u00fabicos, que equivalen a 0,401 billones de pies c\u00fabicos (0,4 TCF en ingl\u00e9s). El consumo promedio diario de gas natural en el a\u00f1o 2011 fue de 1099 millones de pies c\u00fabicos.<\/span><\/p>\n<p style=\"text-align: justify;\"><span style=\"color: #000000;\">Cabe resaltar que con respecto al a\u00f1o 2010 el incremento de la producci\u00f3n de gas natural en el a\u00f1o 2011 fue de un 57% superior, casi toda extra\u00edda de la zona de Camisea.<\/span><\/p>\n<p style=\"text-align: justify;\"><span style=\"color: #000000;\"><a href=\"http:\/\/albertorios.eu\/?attachment_id=957\" rel=\"attachment wp-att-957\"><span style=\"color: #000000;\"><img loading=\"lazy\" decoding=\"async\" class=\"aligncenter size-full wp-image-957\" title=\"gas camisea\" src=\"http:\/\/albertorios.eu\/wp-content\/uploads\/2012\/02\/gas-camisea.png\" alt=\"\" width=\"883\" height=\"648\" srcset=\"https:\/\/albertorios.eu\/wp-content\/uploads\/2012\/02\/gas-camisea.png 883w, https:\/\/albertorios.eu\/wp-content\/uploads\/2012\/02\/gas-camisea-300x220.png 300w, https:\/\/albertorios.eu\/wp-content\/uploads\/2012\/02\/gas-camisea-408x300.png 408w\" sizes=\"auto, (max-width: 883px) 100vw, 883px\" \/><\/span><\/a><\/span><\/p>\n<p align=\"center\"><span style=\"color: #000000;\"><strong>Figura 3: Evoluci\u00f3n de la producci\u00f3n de Gas Natural de 2002 al 2012.\u00a0<\/strong><\/span><\/p>\n<p align=\"center\"><span style=\"color: #000000;\"><strong><\/strong><strong>Fuente: Per\u00faPetro<\/strong><\/span><\/p>\n<p style=\"text-align: justify;\"><span style=\"color: #000000;\">Siendo rigurosos a finales del a\u00f1o 2011, el acumulado de producci\u00f3n del gas de Camisea fue de aproximadamente 1,1 TCF. Es decir, las estad\u00edsticas de producci\u00f3n indican que quedan 10,9 TCF de reservas probadas.\u00a0Siendo generosos, si se asumen unas reservas probadas de 12 TCF, en el Per\u00fa a consumo actual de 0,4 TCF, el gas de Camisea alcanzar\u00eda para 30 a\u00f1os, es decir, hasta el 2042.<\/span><\/p>\n<p style=\"text-align: justify;\"><span style=\"color: #000000;\">Esta forma de evaluar\u00a0el agotamiento\u00a0de las reservas de gas de Camisea es una genuina superstici\u00f3n por el simple hecho que se espera en los pr\u00f3ximos a\u00f1os un importante crecimiento econ\u00f3mico del pa\u00eds y, por tanto, un importante incremento del consumo de gas en el sector el\u00e9ctrico, en el sector\u00a0del transporte, en la industria petroqu\u00edmica, en los planes de masificaci\u00f3n del gas en las grandes ciudades y en el sector industrial.<\/span><\/p>\n<p style=\"text-align: justify;\"><span style=\"color: #000000;\">Un an\u00e1lisis a largo plazo correcto\u00a0y fundamentado deber\u00e1 considerar\u00a0el crecimiento econ\u00f3mico y el\u00e9ctrico exponencial que experimenta el Per\u00fa. Es imprescindible introducir el concepto de incremento exponencial en un an\u00e1lisis del agotamiento a largo plazo de las reservas del gas de Camisea.<\/span><\/p>\n<p style=\"text-align: justify;\"><span style=\"color: #000000;\">Cualquier an\u00e1lisis que no introduzca el innegable crecimiento exponencial del consumo\u00a0de gas\u00a0puede lamentablemente terminar por deslizarse\u00a0hacia la inquietante alucinaci\u00f3n de confundir sue\u00f1os con realidad.<\/span><\/p>\n<p style=\"text-align: justify;\"><span style=\"color: #000000;\">Evidentemente, las reservas de gas pueden ampliarse, modificarse o corregirse, pero es aconsejable realizar el an\u00e1lisis con los valores certificados y publicados por el Ministerio de Energ\u00eda y Minas a 8 de junio de 2010, que aparecen en el informe \u201c<a href=\"http:\/\/www.coes.org.pe\/dataweb3\/2012\/web\/avisos\/banner\/estadist_anual_2011.pdf\"><span style=\"color: #000000;\">Reserves ans Resources Evaluation \u2013 Block 88 and 56<\/span><\/a>\u201d. \u00a0En la tabla 2, se presentan los resultados de las reservas combinadas en San Martin, Cashiriari y Pagoreni, extra\u00eddos del anteriormente mencionado informe.<\/span><\/p>\n<p style=\"text-align: justify;\"><span style=\"color: #000000;\"><a href=\"http:\/\/albertorios.eu\/?attachment_id=958\" rel=\"attachment wp-att-958\"><span style=\"color: #000000;\"><img loading=\"lazy\" decoding=\"async\" class=\"aligncenter size-full wp-image-958\" title=\"Tabla Reservas\" src=\"http:\/\/albertorios.eu\/wp-content\/uploads\/2012\/02\/Tabla-Reservas.png\" alt=\"\" width=\"1112\" height=\"380\" srcset=\"https:\/\/albertorios.eu\/wp-content\/uploads\/2012\/02\/Tabla-Reservas.png 1112w, https:\/\/albertorios.eu\/wp-content\/uploads\/2012\/02\/Tabla-Reservas-300x102.png 300w, https:\/\/albertorios.eu\/wp-content\/uploads\/2012\/02\/Tabla-Reservas-1024x349.png 1024w, https:\/\/albertorios.eu\/wp-content\/uploads\/2012\/02\/Tabla-Reservas-500x170.png 500w\" sizes=\"auto, (max-width: 1112px) 100vw, 1112px\" \/><\/span><\/a><\/span><\/p>\n<p align=\"center\"><span style=\"color: #000000;\"><strong>Tabla 2: Reservas combinadas de lotes 88 y 56. <\/strong><\/span><\/p>\n<p align=\"center\"><span style=\"color: #000000;\"><strong>Fuente: MEM.<\/strong><\/span><\/p>\n<p style=\"text-align: justify;\"><span style=\"color: #000000;\">El incremento del consumo de gas natural en el Per\u00fa se observa principalmente en la mayor entrega de gas a la planta de LNG para su tratamiento y exportaci\u00f3n y a los mayores requerimientos del sector el\u00e9ctrico.<\/span><\/p>\n<p style=\"text-align: justify;\"><span style=\"color: #000000;\">En el \u00abInformativo DGE N\u00ba1 ENERO 2012\u00bb\u00a0de la Direcci\u00f3n General de Electricidad del MEM, se indica que en el a\u00f1o 2011, el consumo total de gas natural en el sector el\u00e9ctrico alcanz\u00f3 los 123.528,1 millones de pies c\u00fabicos, representando un incremento\u00a0de consumo de gas natural en las centrales t\u00e9rmicas a gas de\u00a0un 14,6% con respecto al a\u00f1o 2010. En la tabla 3, se presentan los resultados de consumo de gas natural en el sector el\u00e9ctrico en el a\u00f1o 2011.<\/span><\/p>\n<p style=\"text-align: justify;\"><span style=\"color: #000000;\"><a href=\"http:\/\/albertorios.eu\/?attachment_id=986\" rel=\"attachment wp-att-986\"><span style=\"color: #000000;\"><img decoding=\"async\" class=\"aligncenter size-full wp-image-986\" title=\"Consumo gas 2011\" src=\"http:\/\/albertorios.eu\/wp-content\/uploads\/2012\/02\/Consumo-gas-2011.bmp\" alt=\"\" \/><\/span><\/a><\/span><\/p>\n<p style=\"text-align: justify;\"><span style=\"color: #000000;\"><a href=\"http:\/\/albertorios.eu\/?attachment_id=987\" rel=\"attachment wp-att-987\"><span style=\"color: #000000;\"><img decoding=\"async\" class=\"aligncenter size-full wp-image-987\" title=\"gas 2011\" src=\"http:\/\/albertorios.eu\/wp-content\/uploads\/2012\/02\/gas-2011.bmp\" alt=\"\" \/><\/span><\/a><\/span><\/p>\n<p style=\"text-align: center;\"><span style=\"color: #000000;\"><strong>Tabla 3: Consumo de gas natural en el sector el\u00e9ctrico a\u00f1o 2011. <\/strong><\/span><\/p>\n<p style=\"text-align: center;\"><span style=\"color: #000000;\"><strong>Fuente: Direcci\u00f3n General de Electricidad, MEM.<\/strong><\/span><\/p>\n<p style=\"text-align: justify;\"><span style=\"color: #000000;\">El consumo de gas natural en el sector el\u00e9ctrico representa aproximadamente un 31% de la producci\u00f3n total de gas natural en el Per\u00fa, concentrado en un 97% en los pozos de Camisea. Esta cifra se eleva al 68,2% si s\u00f3lo se considera la producci\u00f3n de gas natural para satisfacer la demanda del mercado interno, en otras palabras, durante el a\u00f1o 2011, se export\u00f3 uno 277.640,9 millones de pies c\u00fabicos.<\/span><\/p>\n<p style=\"text-align: justify;\"><span style=\"color: #000000;\">En la figura 4, se observa la evoluci\u00f3n del consumo de gas natural para la producci\u00f3n de energ\u00eda el\u00e9ctrica en el Per\u00fa desde enero del 2006 a diciembre del 2011. En diciembre del 2011, el consumo promedio diario mensual de gas natural en el sector el\u00e9ctrico fue de 338,7 millones de pies c\u00fabicos.<\/span><\/p>\n<p style=\"text-align: justify;\"><span style=\"color: #000000;\"><a href=\"http:\/\/albertorios.eu\/?attachment_id=988\" rel=\"attachment wp-att-988\"><span style=\"color: #000000;\"><img decoding=\"async\" class=\"aligncenter size-full wp-image-988\" title=\"Consumo Gas CT\" src=\"http:\/\/albertorios.eu\/wp-content\/uploads\/2012\/02\/Consumo-Gas-CT.bmp\" alt=\"\" \/><\/span><\/a><\/span><\/p>\n<p style=\"text-align: center;\"><span style=\"color: #000000;\"><strong>Figura 3: El consumo de gas natural para producci\u00f3n de energ\u00eda el\u00e9ctrica\u00a0<\/strong><strong>Fuente: Direcci\u00f3n General del Electricidad, MEM<\/strong><\/span><\/p>\n<p style=\"text-align: justify;\"><span style=\"color: #000000;\"><strong>Simulaci\u00f3n de crecimiento exponencial al 10%<\/strong><\/span><\/p>\n<p style=\"text-align: justify;\"><span style=\"color: #000000;\">Para el an\u00e1lisis del crecimiento exponencial del consumo de gas natural, y de la incapacidad de las actuales reservas de gas de Camisea de suministrar ese creciente consumo en un horizonte de largo plazo, se considerar\u00e1 un incremento anual en el consumo de gas natural del 10% destinada a satisfacer la creciente demanda del sector el\u00e9ctrico,\u00a0el sector industrial y el sector automotriz.<\/span><\/p>\n<p style=\"text-align: justify;\"><span style=\"color: #000000;\">Para simplificar el an\u00e1lisis, no se incluir\u00e1 el incremento de las exportaciones de gas natural licuado y el probable consumo de los proyectos de masificaci\u00f3n del sur del Per\u00fa y en la creaci\u00f3n de la industria petroqu\u00edmica de los pr\u00f3ximos a\u00f1os.<\/span><\/p>\n<p style=\"text-align: justify;\"><span style=\"color: #000000;\">Con un incremento de la consumo nacional del 10% anual, en lugar de un consumo de 2,8 TCF en los pr\u00f3ximos 7 a\u00f1os, en el periodo entre el a\u00f1o 2012 y el a\u00f1o 2018, se espera un consumo de 4,6 TCF. Si a este valor, se a\u00f1ade la producci\u00f3n de 0,4 TCF del a\u00f1o 2011, se deduce que a finales del a\u00f1o 2018 la producci\u00f3n acumulada de gas extra\u00edda del yacimiento de Camisea superar\u00eda los 5 TCF.<\/span><\/p>\n<p style=\"text-align: justify;\"><span style=\"color: #000000;\">Por tanto, en el caso muy conservador de incremento de consumo de gas natural en el mercado interno, a finales del a\u00f1o 2018 las reservas se habr\u00edan reducido en 5 TCF. De los 11,2 TCF actualmente catalogados como reservas probadas &#8211; Tabla 2 &#8211; \u00a0restar\u00edan 6,2 TCF.<\/span><\/p>\n<p style=\"text-align: justify;\"><span style=\"color: #000000;\">Si se mantiene otros 7 a\u00f1os de crecimiento en el consumo de gas natural del mercado interno al 10%, en el periodo del a\u00f1o 2019 al a\u00f1o 2025, se consumir\u00e1n aproximadamente unos 9,2 TCF de gas natural, por lo que ser\u00e1 necesario descubrir otros 3 TCF adicionales antes del a\u00f1o 2018 para garantizar la demanda de gas en el periodo indicado asociado tan s\u00f3lo a un incremento 10% en el consumo de centrales t\u00e9rmicas, industrias y transporte.<\/span><\/p>\n<p style=\"text-align: justify;\"><span style=\"color: #000000;\">Considerando el actual nivel de reservas de gas y\u00a0a un crecimiento del 10% anual del consumo, en el Per\u00fa\u00a0el gas de Camisea estar\u00eda garantizado hasta finales del a\u00f1o 2022.\u00a0Expresado de otra forma, hay gas de Camisea para 13 a\u00f1os, incluyendo el a\u00f1o 2012, meses m\u00e1s meses menos.\u00a0A finales del a\u00f1o 2022, tan s\u00f3lo con un incremento del consumo anual del 10%, la producci\u00f3n de gas natural en el Per\u00fa deber\u00e1 alcanzar los 1,14 TCF.<\/span><\/p>\n<p style=\"text-align: justify;\"><span style=\"color: #000000;\">Si se analiza otro horizonte de 7 a\u00f1os a un incremento del consumo del 10%, en el periodo del a\u00f1o 2026 al a\u00f1o 2032, se necesitar\u00edan descubrir reservas equivalentes a aproximadamente unos 18 TCF para cubrir la demanda nacional.\u00a0A finales del a\u00f1o 2032, con un incremento del consumo anual del 10%, la producci\u00f3n de gas natural en el Per\u00fa deber\u00e1 alcanzar alcanzar los 3 TCF.<\/span><\/p>\n<p style=\"text-align: justify;\"><span style=\"color: #000000;\">Si a los 18 TCF del periodo 2026-2032 se le suma los 3 TCF a\u00fan no descubiertos del periodo 2019-2025, entre el a\u00f1o 2012 y el a\u00f1o 2025 ser\u00e1 necesario descubrir 21 TCF, o un equivalente a casi de dos yacimientos de Camisea, para garantizar las necesidades energ\u00e9ticas del Per\u00fa en el periodo 2026-2032, siempre en el caso muy conservador de incremento de la demanda de gas natural.<\/span><\/p>\n<p style=\"text-align: justify;\"><span style=\"color: #000000;\">Por otro lado, Per\u00fa LNG tiene un contrato de exportaci\u00f3n de 4,2 TCF durante un periodo de 18 a\u00f1os, desde el 2012 al 2030 . Para cumplir los compromisos de exportaci\u00f3n del gas de Camisea es necesario incrementar la producci\u00f3n diaria a finales del a\u00f1o 2012 hasta 1600 millones de pies c\u00fabicos desde los 1099 millones de pies c\u00fabicos de promedio diario anual del 2011. As\u00ed, la producci\u00f3n anual de gas natural\u00a0podr\u00eda alcanzar\u00a0f\u00e1cilmente los 0,5 TCF a finales del a\u00f1o 2012.<\/span><\/p>\n<p style=\"text-align: justify;\"><span style=\"color: #000000;\">No es dif\u00edcil deducir que a la anteriormente indicada producci\u00f3n anual de gas anual se le deber\u00e1 sumar el incremento\u00a0previsto de la demanda interna en los anunciados proyectos de masificaci\u00f3n de gas y creaci\u00f3n de la industria petroqu\u00edmica. A la luz del c\u00e1lculo exponencial del consumo de gas, presentado en l\u00edneas anteriores,\u00a0las actuales reservas de Camisea se quedan muy cortas, cortisimas.<\/span><\/p>\n<p style=\"text-align: justify;\"><span style=\"color: #000000;\">Indudablemente, la clave no es fomentar el crecimiento exponencial sino vivir mejor con menos eso significa ahorro energ\u00e9tico, eficiencia energ\u00e9tica y consumo inteligente.<\/span><\/p>\n<p style=\"text-align: justify;\"><span style=\"color: #000000;\">Se vislumbra con car\u00e1cter de urgencia elaborar un plan de fomento de sustituci\u00f3n del gas natural en un periodo de tiempo muy corto. De lo contrario se expone al pa\u00eds a una dependencia en pocos a\u00f1os del gas procedente del exterior a precios abusivos. En caso de que no se certifiquen nuevas reservas de gas en los pr\u00f3ximos a\u00f1os, en el bicentenario el Per\u00fa empezar\u00e1 a importar gas para satisfacer sus necesidades.<\/span><\/p>\n<p style=\"text-align: justify;\"><span style=\"color: #000000;\">El Per\u00fa ya ha sufrido la terrible experiencia en convertirse de exportador de petr\u00f3leo a importador de petr\u00f3leo. Hoy, se exporta el gas de Camisea quiz\u00e1s en un ma\u00f1ana muy cercano se importar\u00e1 gas natural.<\/span><\/p>\n<p style=\"text-align: justify;\"><span style=\"color: #000000;\"><a href=\"http:\/\/www.impossiblehamster.org\/\"><span style=\"color: #000000;\">V\u00eddeo \u00a0&#8211; The Impossible Hamster<\/span><\/a><\/span><\/p>\n<p><span style=\"color: #000000;\"><strong>Madrid, a 1 de Junio del a\u00f1o 2012\u00a0 <\/strong><\/span><\/p>\n<!-- AddThis Advanced Settings generic via filter on the_content --><!-- AddThis Share Buttons generic via filter on the_content -->","protected":false},"excerpt":{"rendered":"<p>El Per\u00fa ha iniciado en los \u00faltimos 7 a\u00f1os, al parecer inexorablemente, un \u00a0proceso de crecimiento econ\u00f3mico y consumo el\u00e9ctrico de car\u00e1cter exponencial. Se presenta un an\u00e1lisis de la problem\u00e1tica del crecimiento exponencial en un horizonte a largo plazo.<!-- AddThis Advanced Settings generic via filter on wp_trim_excerpt --><!-- AddThis Share Buttons generic via filter on wp_trim_excerpt --><\/p>\n","protected":false},"author":1,"featured_media":0,"comment_status":"closed","ping_status":"open","sticky":false,"template":"","format":"standard","meta":{"footnotes":""},"categories":[8,6,1],"tags":[],"class_list":["post-294","post","type-post","status-publish","format-standard","hentry","category-gas","category-modelo-energetico","category-sector-electrico"],"_links":{"self":[{"href":"https:\/\/albertorios.eu\/index.php?rest_route=\/wp\/v2\/posts\/294","targetHints":{"allow":["GET"]}}],"collection":[{"href":"https:\/\/albertorios.eu\/index.php?rest_route=\/wp\/v2\/posts"}],"about":[{"href":"https:\/\/albertorios.eu\/index.php?rest_route=\/wp\/v2\/types\/post"}],"author":[{"embeddable":true,"href":"https:\/\/albertorios.eu\/index.php?rest_route=\/wp\/v2\/users\/1"}],"replies":[{"embeddable":true,"href":"https:\/\/albertorios.eu\/index.php?rest_route=%2Fwp%2Fv2%2Fcomments&post=294"}],"version-history":[{"count":35,"href":"https:\/\/albertorios.eu\/index.php?rest_route=\/wp\/v2\/posts\/294\/revisions"}],"predecessor-version":[{"id":1500,"href":"https:\/\/albertorios.eu\/index.php?rest_route=\/wp\/v2\/posts\/294\/revisions\/1500"}],"wp:attachment":[{"href":"https:\/\/albertorios.eu\/index.php?rest_route=%2Fwp%2Fv2%2Fmedia&parent=294"}],"wp:term":[{"taxonomy":"category","embeddable":true,"href":"https:\/\/albertorios.eu\/index.php?rest_route=%2Fwp%2Fv2%2Fcategories&post=294"},{"taxonomy":"post_tag","embeddable":true,"href":"https:\/\/albertorios.eu\/index.php?rest_route=%2Fwp%2Fv2%2Ftags&post=294"}],"curies":[{"name":"wp","href":"https:\/\/api.w.org\/{rel}","templated":true}]}}