{"id":2548,"date":"2017-12-24T17:30:25","date_gmt":"2017-12-24T16:30:25","guid":{"rendered":"http:\/\/albertorios.eu\/?p=2548"},"modified":"2017-12-24T17:30:25","modified_gmt":"2017-12-24T16:30:25","slug":"ppk-politica-energetica-e-ilegitimidad-moral","status":"publish","type":"post","link":"https:\/\/albertorios.eu\/?p=2548","title":{"rendered":"PPK, POL\u00cdTICA ENERG\u00c9TICA E ILEGITIMIDAD MORAL"},"content":{"rendered":"<p class=\"western\" align=\"justify\"><span style=\"color: #000000;\"><span style=\"font-family: 'Times New Roman', serif;\"><span style=\"font-size: medium;\">El 21 de diciembre del a\u00f1o 2017 se recordar\u00e1 en la historia del Per\u00fa como el d\u00eda que el Congreso casi vaca a un Presidente electo. Aunque el Congreso no lo haya vacado, el Presidente PPK deber\u00e1 convivir con un sello indeleble en <\/span><\/span><\/span><span style=\"color: #000000;\"><span style=\"font-family: 'Times New Roman', serif;\"><span style=\"font-size: medium;\">su dignidad<\/span><\/span><\/span><span style=\"color: #000000;\"><span style=\"font-family: 'Times New Roman', serif;\"><span style=\"font-size: medium;\">, manchada por la ignominia y verg\u00fcenza de la sospecha de haber mentido al Per\u00fa y a los ciudadanos que lo eligieron para que ostente el m\u00e1ximo cargo de la patria. La historia y las futuras generaciones de peruanos lo recordar\u00e1n como el abochornado Presidente olvidadizo, que no recordaba las suculentas consultor\u00edas de sus empresas unipersonales, pero que quer\u00eda seguir gobernando al pa\u00eds puesto que se disculp\u00f3, jur\u00f3 no reincidir y ser m\u00e1s prolijo en sus negocios empresariales.<\/span><\/span><\/span><\/p>\n<p align=\"justify\"><!--more--><\/p>\n<p class=\"western\" align=\"justify\"><span style=\"color: #000000;\"><span style=\"font-family: 'Times New Roman', serif;\"><span style=\"font-size: medium;\">PPK, el Presidente, acusado por varios Congresistas de lobbysta, que consider\u00f3 que la Presidencia de la Rep\u00fablica era el \u00faltimo pelda\u00f1o de su azarosa vida pol\u00edtica y su vanidad personal, no fue vacado. PPK, el Presidente, sospechoso de haber enga\u00f1ado al Per\u00fa, olvida la existencia de millonarias consultor\u00edas, sospechosas de <\/span><\/span><\/span><span style=\"color: #000000;\"><span style=\"font-family: 'Times New Roman', serif;\"><span style=\"font-size: medium;\">tener conexi\u00f3n con<\/span><\/span><\/span><span style=\"color: #000000;\"><span style=\"font-family: 'Times New Roman', serif;\"><span style=\"font-size: medium;\"> las actividades delictivas de empresas corruptas como Odebrecht. Una pr\u00e1ctica generacional com\u00fan a escala global, las conocidas puertas giratorias, que permiten a ex-altos cargos ministeriales a convertirse en actuales altos cargos de empresas privadas. <\/span><\/span><\/span><\/p>\n<p class=\"western\" align=\"justify\"><span style=\"color: #000000;\"><span style=\"font-family: 'Times New Roman', serif;\"><span style=\"font-size: medium;\">El Per\u00fa es testigo impasible de la herencia m\u00e1s triste, indigna y vergonzosa que pueden recibir las futuras generaciones de una naci\u00f3n: el quiebre, desahucio e ilegitimidad moral de una casta pol\u00edtica incapaz de renunciar a sus irrelevantes y mezquinos intereses partidarios e iniciar un proceso de regeneraci\u00f3n integral. Un terrible e inmenso desaf\u00edo deber\u00e1n abordar las futuras generaciones de peruanos: reparar la miserable bajeza moral de una generaci\u00f3n pol\u00edtica perversa y desubicada, emborrachada por la relatividad del poder y la ignorancia vanidosa de sus serviles esp\u00edritus. <\/span><\/span><\/span><\/p>\n<p class=\"western\" align=\"justify\"><span style=\"color: #000000;\"><span style=\"font-family: 'Times New Roman', serif;\"><span style=\"font-size: medium;\">En un <\/span><\/span><\/span><span style=\"color: #000000;\"><span style=\"font-family: 'Times New Roman', serif;\"><span style=\"font-size: medium;\">espacio<\/span><\/span><\/span><span style=\"color: #000000;\"><span style=\"font-family: 'Times New Roman', serif;\"><span style=\"font-size: medium;\"> tan deteriorado por los desagradables, infectos y f\u00e9tidos olores de una desvergonzada casta pol\u00edtica nacional, asaltan a la mente algunas dudas existenciales y energ\u00e9ticas: <\/span><\/span><\/span><\/p>\n<p class=\"western\" align=\"justify\"><span style=\"color: #000000;\"><span style=\"font-family: 'Times New Roman', serif;\"><span style=\"font-size: medium;\">\u00bfPuede un Presidente, que pidi\u00f3 disculpas por sus piadosos e insignificantes olvidos, tener legitimidad moral para gobernar un pa\u00eds tan complejo y con <\/span><\/span><\/span><span style=\"color: #000000;\"><span style=\"font-family: 'Times New Roman', serif;\"><span style=\"font-size: medium;\">tan lacerantes desigualdades sociales<\/span><\/span><\/span><span style=\"color: #000000;\"><span style=\"font-family: 'Times New Roman', serif;\"><span style=\"font-size: medium;\"> a resolver como el Per\u00fa? <\/span><\/span><\/span><\/p>\n<p class=\"western\" align=\"justify\"><span style=\"color: #000000;\"><span style=\"font-family: 'Times New Roman', serif;\"><span style=\"font-size: medium;\">\u00bfPuede un Presidente, casi vacado y con sospechosa legitimidad moral, mirar a los ojos de millones de peruanos con la serenidad y seguridad de un hombre sincero, honesto y con recta intenci\u00f3n de transformar el pa\u00eds? <\/span><\/span><\/span><\/p>\n<p class=\"western\" align=\"justify\"><span style=\"color: #000000;\"><span style=\"font-family: 'Times New Roman', serif;\"><span style=\"font-size: medium;\">\u00bfPuede un Presidente, que acept\u00f3 no haber sido excesivamente prolijo en sus negocios unipersonales, sin remordimientos y contradicciones \u00e9ticas dirigir el destino de millones de seres humanos? <\/span><\/span><\/span><\/p>\n<p class=\"western\" align=\"justify\"><span style=\"color: #000000;\"><span style=\"font-family: 'Times New Roman', serif;\"><span style=\"font-size: medium;\">\u00bfPuede un Presidente, sospechoso de enga\u00f1ar al pa\u00eds, analizar y adoptar decisiones serias sobre el futuro energ\u00e9tico del Per\u00fa, en un momento de emergencia energ\u00e9tica ante la amenaza del NES\/GSP de quemar combustible f\u00f3sil? <\/span><\/span><\/span><\/p>\n<p class=\"western\" align=\"justify\"><span style=\"color: #000000;\"><span style=\"font-family: 'Times New Roman', serif;\"><span style=\"font-size: medium;\">\u00bfPuede una casta pol\u00edtica, moralmente desahuciada, sentar las bases de un nuevo modelo energ\u00e9tico sostenible, renovable, competitivo y respetuoso con el medio ambiente, que garantice el acceso de energ\u00eda a todos los peruanos y no los ingresos garantizados a algunos grupos econ\u00f3micos? <\/span><\/span><\/span><\/p>\n<p class=\"western\" align=\"justify\"><span style=\"color: #000000;\"><span style=\"font-family: 'Times New Roman', serif;\"><span style=\"font-size: medium;\">\u00bfPuede una casta pol\u00edtica engre\u00edda, fr\u00edvola y sin sensibilidad social, merecedora de ser despreciada por ser incapaz de superar su mediocridad intelectual, dar lecciones de soberan\u00eda energ\u00e9tica, prospectiva y visi\u00f3n a largo plazo a las futuras generaciones?<\/span><\/span><\/span><\/p>\n<p class=\"western\" align=\"justify\"><span style=\"color: #000000;\"><span style=\"font-family: 'Times New Roman', serif;\"><span style=\"font-size: medium;\"><b>El Sistema Energ\u00e9tico Peruano en Estado de Emergencia<\/b><\/span><\/span><\/span><\/p>\n<p class=\"western\" align=\"justify\"><span style=\"color: #000000;\"><span style=\"font-family: 'Times New Roman', serif;\"><span style=\"font-size: medium;\">El sistema energ\u00e9tico peruano presenta una elevada dependencia de recursos f\u00f3siles. La producci\u00f3n de crudo nacional se ha reducido sostenidamente en los \u00faltimos 37 a\u00f1os por el agotamiento de los pozos existentes en explotaci\u00f3n y el desinter\u00e9s de las empresas privadas en invertir en pozos de exploraci\u00f3n. Adem\u00e1s, en el a\u00f1o 2017, la interrupci\u00f3n del funcionamiento del Oleoducto Nor Peruano, debido a derrames en su recorrido, ha creado un ambiente de tensi\u00f3n social en los zonas adyacentes a los yacimientos petrol\u00edferos de la selva y ha afectado significativamente a la recuperaci\u00f3n de la producci\u00f3n <\/span><\/span><\/span><span style=\"color: #000000;\"><span style=\"font-family: 'Times New Roman', serif;\"><span style=\"font-size: medium;\">de crudo<\/span><\/span><\/span><span style=\"color: #000000;\"><span style=\"font-family: 'Times New Roman', serif;\"><span style=\"font-size: medium;\"> nacional. A finales de noviembre el promedio diario de producci\u00f3n de crudo nacional super\u00f3 los 43 mil barriles, seg\u00fan informaci\u00f3n disponible en el portal de PeruPetro.<\/span><\/span><\/span><\/p>\n<p class=\"western\" align=\"justify\"><span style=\"color: #000000;\"><span style=\"font-family: 'Times New Roman', serif;\"><span style=\"font-size: medium;\">Por otro lado, el consumo de derivados de petr\u00f3leo en el pa\u00eds se ha incrementado en el primer cuatrimestre del a\u00f1o 2017, seg\u00fan informa OSINERGMIN en su \u201cReporte Semestral de Monitoreo del Mercado de Hidrocarburos, Primer Semestre del 2017\u201d, publicado en julio del presente a\u00f1o. As\u00ed, entre enero y abril, la demanda de combustibles l\u00edquidos alcanz\u00f3 los 213 mil barriles diarios siendo la oferta nacional de derivados igual a 201 mil barriles diarios, frente a los 210 mil barriles del a\u00f1o 2016. En ese mismo periodo <\/span><\/span><\/span><span style=\"color: #000000;\"><span style=\"font-family: 'Times New Roman', serif;\"><span style=\"font-size: medium;\">del a\u00f1o 2017<\/span><\/span><\/span><span style=\"color: #000000;\"><span style=\"font-family: 'Times New Roman', serif;\"><span style=\"font-size: medium;\">, la demanda promedio diaria de petr\u00f3leo crudo <\/span><\/span><\/span><span style=\"color: #000000;\"><span style=\"font-family: 'Times New Roman', serif;\"><span style=\"font-size: medium;\">en las refiner\u00edas nacionales<\/span><\/span><\/span><span style=\"color: #000000;\"><span style=\"font-family: 'Times New Roman', serif;\"><span style=\"font-size: medium;\"> fue de 175 mil barriles, 135 mil de los cuales corresponde a petr\u00f3leo importado, un 77% del total. Casi 4 de cada cinco barriles de crudo que se refinan en el Per\u00fa es importado. Por tanto, las principales actividades econ\u00f3micas del pa\u00eds son propensas a un severo impacto ante un imprevisto incremento de los precios internacionales del petr\u00f3leo. <\/span><\/span><\/span><\/p>\n<p class=\"western\" align=\"justify\"><span style=\"color: #000000;\"><span style=\"font-family: 'Times New Roman', serif;\"><span style=\"font-size: medium;\">Las se\u00f1ales del mercado internacional de petr\u00f3leo indican que se inicia un nuevo periodo de incremento de precios. En el mes de diciembre el precio del petr\u00f3leo, tanto Brent como WTI, alcanzaron su valor m\u00e1s elevado en los \u00faltimos dos a\u00f1os, 64,86 y 58,28 d\u00f3lares <\/span><\/span><\/span><span style=\"color: #000000;\"><span style=\"font-family: 'Times New Roman', serif;\"><span style=\"font-size: medium;\">por<\/span><\/span><\/span><span style=\"color: #000000;\"><span style=\"font-family: 'Times New Roman', serif;\"><span style=\"font-size: medium;\"> barril, respectivamente. En el corto plazo, ante la <\/span><\/span><\/span><span style=\"color: #000000;\"><span style=\"font-family: 'Times New Roman', serif;\"><span style=\"font-size: medium;\">seria <\/span><\/span><\/span><span style=\"color: #000000;\"><span style=\"font-family: 'Times New Roman', serif;\"><span style=\"font-size: medium;\">posibilidad de entrada en funcionamiento del Nodo Energ\u00e9tico del Sur, NES, para satisfacer el incremento de la demanda el\u00e9ctrica entre los a\u00f1os 2020 y 2028, se trasladar\u00eda al sistema el\u00e9ctrico la volatilidad de los precio del petr\u00f3leo. Con precios relativamente reducidos de generaci\u00f3n el\u00e9ctrica diesel a 165 $\/MWh, el coste de satisfacer la demanda el\u00e9ctrica con derivados de petr\u00f3leo en el NES superar\u00eda los 11 mil millones de d\u00f3lares. <\/span><\/span><\/span><\/p>\n<p class=\"western\" align=\"justify\"><span style=\"color: #000000;\"><span style=\"font-family: 'Times New Roman', serif;\"><span style=\"font-size: medium;\">En un escenario de debilidad pol\u00edtica del casi vacado Presidente frente a otras agrupaciones pol\u00edticas aumenta la posibilidad de que se promocionen y adopten medidas contrarias a las verdaderas necesidades que afronta el sistema energ\u00e9tico peruano. En una frase, un poder ejecutivo debilitado y expuesto a las presiones y caprichos de una mayor\u00eda parlamentaria hostil no abordar\u00e1, con seriedad, <\/span><\/span><\/span><span style=\"color: #000000;\"><span style=\"font-family: 'Times New Roman', serif;\"><span style=\"font-size: medium;\">ecuanimidad<\/span><\/span><\/span><span style=\"color: #000000;\"><span style=\"font-family: 'Times New Roman', serif;\"><span style=\"font-size: medium;\"> y prospectiva a largo plazo, el proceso de despetrolizaci\u00f3n y desmetanizaci\u00f3n del sector energ\u00e9tico peruano. <\/span><\/span><\/span><\/p>\n<p class=\"western\" align=\"justify\"><span style=\"color: #000000;\"><span style=\"font-family: 'Times New Roman', serif;\"><span style=\"font-size: medium;\">En esa perspectiva, los intereses de algunos grupos econ\u00f3micos en monetizar el escaso gas natural que dispone el pa\u00eds implicar\u00eda <\/span><\/span><\/span><span style=\"color: #000000;\"><span style=\"font-family: 'Times New Roman', serif;\"><span style=\"font-size: medium;\">inexorablemente <\/span><\/span><\/span><span style=\"color: #000000;\"><span style=\"font-family: 'Times New Roman', serif;\"><span style=\"font-size: medium;\">la construcci\u00f3n del Gasoducto Sur Peruano, GSP, en su concepci\u00f3n actual. A los m\u00e1s de 11 mil millones de d\u00f3lares por el funcionamiento del NES habr\u00eda que sumarle otros 7 mil millones de d\u00f3lares adicionales, en total, la econom\u00eda peruana deber\u00e1 asumir un coste de m\u00e1s de 18 mil millones de d\u00f3lares. <\/span><\/span><\/span><span style=\"color: #000000;\"><span style=\"font-family: 'Times New Roman', serif;\"><span style=\"font-size: medium;\">As\u00ed, l<\/span><\/span><\/span><span style=\"color: #000000;\"><span style=\"font-family: 'Times New Roman', serif;\"><span style=\"font-size: medium;\">a incapacidad del Estado peruano de analizar y elaborar un plan de transformaci\u00f3n del modelo energ\u00e9tico peruano hace peligrar la estabilidad econ\u00f3mica del pa\u00eds. Las empresas due\u00f1as del NES ser\u00edan las \u00fanicas beneficiadas de la construcci\u00f3n de un ducto de gas natural y el Estado peruano garantizar\u00eda el suministro de un gas natural relativamente barato a cargo del erario p\u00fablico, desperdiciando un recurso <\/span><\/span><\/span><span style=\"color: #000000;\"><span style=\"font-family: 'Times New Roman', serif;\"><span style=\"font-size: medium;\">f\u00f3sil <\/span><\/span><\/span><span style=\"color: #000000;\"><span style=\"font-family: 'Times New Roman', serif;\"><span style=\"font-size: medium;\">escaso en la producci\u00f3n de electricidad. Un absurdo econ\u00f3mico y energ\u00e9tico que pagar\u00e1n las futuras generaciones. Un Presidente asustado y arrinconado por la coyuntura de sus olvidos y silencios ser\u00e1 presa f\u00e1cil de los grupos econ\u00f3micos y las mayor\u00edas parlamentarias, interesadas en imponer sus agendas propias sin percibir la amenaza energ\u00e9tica del NES que se cierne sobre sus conciudadanos. <\/span><\/span><\/span><\/p>\n<p class=\"western\" align=\"justify\"><span style=\"color: #000000;\"><span style=\"font-family: 'Times New Roman', serif;\"><span style=\"font-size: medium;\"><b>Quinta Subasta RER y Nodo Energ\u00e9tico Renovable, NER<\/b><\/span><\/span><\/span><\/p>\n<p class=\"western\" align=\"justify\"><span style=\"color: #000000;\"><span style=\"font-family: 'Times New Roman', serif;\"><span style=\"font-size: medium;\">Las cuatro primeras RER subastas han demostrado la competitividad econ\u00f3mica de las tecnolog\u00edas renovables en el Per\u00fa. Los precios promedios de las tecnolog\u00edas RER han pasado de 80,46 $\/MWh, en el a\u00f1o 2010, a 43,08 $\/MWh en el a\u00f1o 2016. Las subastas renovables realizadas en pa\u00edses de la regi\u00f3n, como Chile, M\u00e9xico y Argentina, han ratificado la imparable reducci\u00f3n de los precios ofertados por los sistema renovables subasta a subasta. En Chile, a inicios de noviembre del a\u00f1o 2017, se adjudicaron 2200 GWh a sistemas renovables<\/span><\/span><\/span><span style=\"color: #000000;\"><span style=\"font-family: 'Times New Roman', serif;\"><span style=\"font-size: medium;\">, equivalentes a 600 MW de potencia a instalar, a un precio promedio de 32,5 $\/MWh. En M\u00e9xico, a mediados de noviembre, se anunciaron los resultados preliminares de la 3ra subasta de energ\u00eda. Se anunci\u00f3 un precio promedio de energ\u00eda para las tecnolog\u00edas renovables de 20,57 $\/MWh para una potencia a instalar de 2560 MW y equivalente aproximadamente a 5500 GWh.<\/span><\/span><\/span><\/p>\n<p class=\"western\" align=\"justify\"><span style=\"color: #000000;\"><span style=\"font-family: 'Times New Roman', serif;\"><span style=\"font-size: medium;\">En un entorno de amenaza real de entrada en funcionamiento del NES sin GSP, por tanto, de producci\u00f3n de generaci\u00f3n el\u00e9ctrica a partir de derivados de petr\u00f3leo, es de especial inter\u00e9s para el proceso de transformaci\u00f3n energ\u00e9tica proceder a delinear los criterios b\u00e1sicos de la pr\u00f3xima quinta subasta RER.<\/span><\/span><\/span><\/p>\n<ul>\n<li>\n<p class=\"western\" align=\"justify\"><span style=\"color: #000000;\"><span style=\"font-family: 'Times New Roman', serif;\"><span style=\"font-size: medium;\">Declarar el estado de emergencia del sistema el\u00e9ctrico peruano ante la amenaza real de entrada en funcionamiento del NES sin GSP y el <\/span><\/span><\/span><span style=\"color: #000000;\"><span style=\"font-family: 'Times New Roman', serif;\"><span style=\"font-size: medium;\">negativo<\/span><\/span><\/span><span style=\"color: #000000;\"><span style=\"font-family: 'Times New Roman', serif;\"><span style=\"font-size: medium;\"> impacto en la econom\u00eda del pa\u00eds.<\/span><\/span><\/span><\/p>\n<\/li>\n<\/ul>\n<ul>\n<li>\n<p class=\"western\" align=\"justify\"><span style=\"color: #000000;\"><span style=\"font-family: 'Times New Roman', serif;\"><span style=\"font-size: medium;\">Dejar sin efecto la limitaci\u00f3n m\u00e1xima del 5% de energ\u00eda inyectada al SEIN procedente de tecnolog\u00edas renovables.<\/span><\/span><\/span><\/p>\n<\/li>\n<\/ul>\n<ul>\n<li>\n<p class=\"western\" align=\"justify\"><span style=\"color: #000000;\"><span style=\"font-family: 'Times New Roman', serif;\"><span style=\"font-size: medium;\">Establecer, en la quinta subasta RER, un cupo m\u00ednimo de energ\u00eda a subastar. La quinta subasta RER deber\u00e1 asignar un cupo equivalente a la energ\u00eda a inyectar por el NES. Considerando una potencia instalada del NES igual a 2000 MW diesel y 8000 horas anuales equivalentes de funcionamiento, el volumen m\u00ednimo de energ\u00eda a subastar deber\u00eda ser igual a 16000 GWh. Adicionalmente, se podr\u00eda establecer una asignaci\u00f3n de hasta 500 MW de potencia a instalar para las centrales hidroel\u00e9ctricas inferiores a 20 MW.<\/span><\/span><\/span><\/p>\n<\/li>\n<\/ul>\n<ul>\n<li>\n<p class=\"western\" align=\"justify\"><span style=\"color: #000000;\"><span style=\"font-family: 'Times New Roman', serif;\"><span style=\"font-size: medium;\">Asignar 8000 GWh para tecnolog\u00edas renovables gestionables \u2013 geot\u00e9rmica, solar termoel\u00e9ctrica y biomasa \u2013 y 8000 GWh para tecnolog\u00edas renovables no gestionables \u2013 e\u00f3lica y solar fotovoltaica.<\/span><\/span><\/span><\/p>\n<\/li>\n<\/ul>\n<ul>\n<li>\n<p class=\"western\" align=\"justify\"><span style=\"color: #000000;\"><span style=\"font-family: 'Times New Roman', serif;\"><span style=\"font-size: medium;\">En la quinta subasta RER, se deber\u00e1 priorizar la localizaci\u00f3n de las instalaciones RER en la zona sur del Per\u00fa, concretamente en los departamentos de Ica, Arequipa, Moquegua, Tacna y Puno. <\/span><\/span><\/span><span style=\"color: #000000;\"><span style=\"font-family: 'Times New Roman', serif;\"><span style=\"font-size: medium;\">La concentraci\u00f3n de tecnolog\u00edas RER en el sur del Per\u00fa resolver\u00eda los problemas de congesti\u00f3n existentes en el SEIN de transmisi\u00f3n el\u00e9ctrica del centro al sur. <\/span><\/span><\/span><\/p>\n<\/li>\n<\/ul>\n<ul>\n<li>\n<p class=\"western\" align=\"justify\"><span style=\"color: #000000;\"><span style=\"font-family: 'Times New Roman', serif;\"><span style=\"font-size: medium;\">Se deben establecer precios m\u00e1ximos de la energ\u00eda a ofertar para las tecnolog\u00edas renovables gestionables no superiores a 60 $\/MWh y para las tecnolog\u00edas renovables no gestionables no superiores a 30 $\/MWh. <\/span><\/span><\/span><span style=\"color: #000000;\"><span style=\"font-family: 'Times New Roman', serif;\"><span style=\"font-size: medium;\">L<\/span><\/span><\/span><span style=\"color: #000000;\"><span style=\"font-family: 'Times New Roman', serif;\"><span style=\"font-size: medium;\">as tecnolog\u00edas renovables gestionables podr<\/span><\/span><\/span><span style=\"color: #000000;\"><span style=\"font-family: 'Times New Roman', serif;\"><span style=\"font-size: medium;\">\u00edan<\/span><\/span><\/span><span style=\"color: #000000;\"><span style=\"font-family: 'Times New Roman', serif;\"><span style=\"font-size: medium;\"> considerar contratos de hasta 25 a\u00f1os. <\/span><\/span><\/span><\/p>\n<\/li>\n<\/ul>\n<ul>\n<li>\n<p class=\"western\" align=\"justify\"><span style=\"color: #000000;\"><span style=\"font-family: 'Times New Roman', serif;\"><span style=\"font-size: medium;\">Permitir la presentaci\u00f3n de ofertas conjuntas de tecnolog\u00edas renovables gestionables y no gestionables, siempre que en promedio los precios m\u00e1ximos de la presentaci\u00f3n de ofertas conjuntas de tecnolog\u00edas RER no superen los 45 $\/MWh.<\/span><\/span><\/span><\/p>\n<\/li>\n<\/ul>\n<ul>\n<li>\n<p class=\"western\" align=\"justify\"><span style=\"color: #000000;\"><span style=\"font-family: 'Times New Roman', serif;\"><span style=\"font-size: medium;\">Establecer precios m\u00e1ximos para las centrales hidroel\u00e9ctricas, inferiores a 20 MW, no superiores a 45 $\/MWh.<\/span><\/span><\/span><\/p>\n<\/li>\n<\/ul>\n<p class=\"western\" align=\"justify\"><span style=\"color: #000000;\"><span style=\"font-family: 'Times New Roman', serif;\"><span style=\"font-size: medium;\"><b>Conclusiones<\/b><\/span><\/span><\/span><\/p>\n<p class=\"western\" align=\"justify\"><span style=\"color: #000000;\"><span style=\"font-family: 'Times New Roman', serif;\"><span style=\"font-size: medium;\">La manifiesta debilidad pol\u00edtica del Presidente peruano advierte sobre la posibilidad de presiones de grupos econ\u00f3micos y mayor\u00edas parlamentarias para acelerar la construcci\u00f3n de grandes infraestructuras y destrabar inversiones mineras y energ\u00e9ticas. En el sector energ\u00e9tico, la paralizaci\u00f3n de la construcci\u00f3n del GSP ha configurado un nuevo escenario energ\u00e9tico. El discurso de supuesta existencia de sobre potencia t\u00e9rmica en el sistema el\u00e9ctrico nacional ha transmutado a un discurso de existencia de un Nodo Energ\u00e9tico del Sur a diesel, NES. El Per\u00fa dispone de 2000 MW de centrales t\u00e9rmicas a diesel que ya han iniciado t\u00edmidamente a inyectar energ\u00eda al SEIN. La generaci\u00f3n de energ\u00eda el\u00e9ctrica en el NES implicar\u00e1 un recargo inadmisible a los facturas el\u00e9ctricas de los usuarios. El incremento de las tarifas el\u00e9ctricas dom\u00e9sticas, comerciales e industriales derivar\u00e1 en una reducci\u00f3n del consumo y p\u00e9rdida de competitividad de la econom\u00eda peruana. La reducci\u00f3n de la actividad econ\u00f3mica implicar\u00e1 el despido masivo de trabajadores y la incapacidad de personas y empresas de honrar sus deudas a los bancos as\u00ed como la disminuci\u00f3n de los ingresos al Estado por impuestos. La estabilidad econ\u00f3mica del modelo econ\u00f3mico peruano ser\u00e1 seriamente afectado por el capricho de algunos grupos econ\u00f3micos due\u00f1os de las centrales t\u00e9rmicas del NES. <\/span><\/span><\/span><\/p>\n<p class=\"western\" align=\"justify\"><span style=\"color: #000000;\"><span style=\"font-family: 'Times New Roman', serif;\"><span style=\"font-size: medium;\">La soluci\u00f3n t\u00e9cnica m\u00e1s econ\u00f3mica, competitiva, sostenible y respetuosa con el medio ambiente es la creaci\u00f3n de un Nodo Energ\u00e9tico Renovable, NER, en el sur del Per\u00fa en respuesta al NES. Los departamentos del sur del Per\u00fa disponen de excepcionales recursos geot\u00e9rmicos, solares y en biomasa. <\/span><\/span><\/span><span style=\"color: #000000;\"><span style=\"font-family: 'Times New Roman', serif;\"><span style=\"font-size: medium;\">La regi\u00f3n de Ica tiene excepcionales recursos e\u00f3licos. La quinta subasta RER deber\u00e1 asignar la potencial energ\u00eda que podr\u00eda suministrar el NES, aproximadamente, de 16000 GWh. Asimismo, se deber\u00e1n incluir algunas modificaciones inaplazables debido a la actual coyuntura energ\u00e9tica nacional e internacional entre las que destacan: eliminar el l\u00edmite de 5% de m\u00e1xima penetraci\u00f3n renovable; priorizar la construcci\u00f3n de instalaciones RER en las regiones del sur del Per\u00fa; evaluar la posibilidad de tener contratos de venta de energ\u00eda por 25 a\u00f1os para las centrales renovables gestionables como los sistemas geot\u00e9rmicos, las centrales de biomasa y las centrales solares termoel\u00e9ctricas; as\u00ed como permitir la presentaci\u00f3n de ofertas mixtas, que agrupen a tecnolog\u00edas renovables gestionables y no gestionables.<\/span><\/span><\/span><\/p>\n<!-- AddThis Advanced Settings generic via filter on the_content --><!-- AddThis Share Buttons generic via filter on the_content -->","protected":false},"excerpt":{"rendered":"<p>El 21 de diciembre del a\u00f1o 2017 se recordar\u00e1 en la historia del Per\u00fa como el d\u00eda que el Congreso casi vaca a un Presidente electo. Aunque el Congreso no lo haya vacado, el Presidente PPK deber\u00e1 convivir con un &hellip; <a href=\"https:\/\/albertorios.eu\/?p=2548\">Sigue leyendo <span class=\"meta-nav\">&rarr;<\/span><\/a><!-- AddThis Advanced Settings generic via filter on wp_trim_excerpt --><!-- AddThis Share Buttons generic via filter on wp_trim_excerpt --><\/p>\n","protected":false},"author":1,"featured_media":2549,"comment_status":"closed","ping_status":"open","sticky":false,"template":"","format":"standard","meta":{"footnotes":""},"categories":[1],"tags":[],"class_list":["post-2548","post","type-post","status-publish","format-standard","has-post-thumbnail","hentry","category-sector-electrico"],"_links":{"self":[{"href":"https:\/\/albertorios.eu\/index.php?rest_route=\/wp\/v2\/posts\/2548","targetHints":{"allow":["GET"]}}],"collection":[{"href":"https:\/\/albertorios.eu\/index.php?rest_route=\/wp\/v2\/posts"}],"about":[{"href":"https:\/\/albertorios.eu\/index.php?rest_route=\/wp\/v2\/types\/post"}],"author":[{"embeddable":true,"href":"https:\/\/albertorios.eu\/index.php?rest_route=\/wp\/v2\/users\/1"}],"replies":[{"embeddable":true,"href":"https:\/\/albertorios.eu\/index.php?rest_route=%2Fwp%2Fv2%2Fcomments&post=2548"}],"version-history":[{"count":1,"href":"https:\/\/albertorios.eu\/index.php?rest_route=\/wp\/v2\/posts\/2548\/revisions"}],"predecessor-version":[{"id":2550,"href":"https:\/\/albertorios.eu\/index.php?rest_route=\/wp\/v2\/posts\/2548\/revisions\/2550"}],"wp:featuredmedia":[{"embeddable":true,"href":"https:\/\/albertorios.eu\/index.php?rest_route=\/wp\/v2\/media\/2549"}],"wp:attachment":[{"href":"https:\/\/albertorios.eu\/index.php?rest_route=%2Fwp%2Fv2%2Fmedia&parent=2548"}],"wp:term":[{"taxonomy":"category","embeddable":true,"href":"https:\/\/albertorios.eu\/index.php?rest_route=%2Fwp%2Fv2%2Fcategories&post=2548"},{"taxonomy":"post_tag","embeddable":true,"href":"https:\/\/albertorios.eu\/index.php?rest_route=%2Fwp%2Fv2%2Ftags&post=2548"}],"curies":[{"name":"wp","href":"https:\/\/api.w.org\/{rel}","templated":true}]}}