{"id":2257,"date":"2017-02-07T23:59:56","date_gmt":"2017-02-07T22:59:56","guid":{"rendered":"http:\/\/albertorios.eu\/?p=2257"},"modified":"2017-02-07T23:59:56","modified_gmt":"2017-02-07T22:59:56","slug":"la-estafa-neoliberal-del-mercado-electrico-espanol","status":"publish","type":"post","link":"https:\/\/albertorios.eu\/?p=2257","title":{"rendered":"LA ESTAFA NEOLIBERAL DEL MERCADO EL\u00c9CTRICO ESPA\u00d1OL"},"content":{"rendered":"<p class=\"western\" align=\"justify\"><span style=\"color: #000000;\"><span style=\"font-family: 'Times New Roman', serif;\"><span style=\"font-size: medium;\">En enero del 2017, los usuarios espa\u00f1oles pagaron la electricidad m\u00e1s cara de Europa. Las autoridades del sector el\u00e9ctrico espa\u00f1ol se\u00f1alan que la subida de precios se debe a cuestiones meteorol\u00f3gicas, temporal de fr\u00edo en la pen\u00ednsula ib\u00e9rica, que caus\u00f3 un incremento de la demanda, y a un supuesto par\u00f3n nuclear franc\u00e9s, que no super\u00f3 el 10% de la potencia el\u00e9ctrica instalada francesa. Una buena excusa no necesariamente es una buena explicaci\u00f3n. El fracaso del modelo el\u00e9ctrico espa\u00f1ol no se debe analizar desde una perspectiva coyuntural, al contrario, amerita un serio an\u00e1lisis de la evoluci\u00f3n de la estructura de la propiedad del sector energ\u00e9tico espa\u00f1ol. En realidad, el temporal neoliberal anglosaj\u00f3n implementado en Europa en la d\u00e9cada de los 80s transform\u00f3 el modelo econ\u00f3mico del r\u00e9gimen dictatorial franquista. Las empresas el\u00e9ctricas espa\u00f1olas fueron privatizadas y entregadas a precio de costo a emporios econ\u00f3micos y financieros espa\u00f1oles y extranjeros. Sorprendentemente, pa\u00edses como Francia, Alemania e Italia mantienen una elevada participaci\u00f3n estatal en un sector estrat\u00e9gico crucial para las actividades socio-econ\u00f3micas y para la seguridad de cualquier pa\u00eds. Sin duda, el fracaso del modelo neoliberal del sector el\u00e9ctrico espa\u00f1ol representa un ejemplo clarificador de los riesgos econ\u00f3micos y sociales de entregar sectores estrat\u00e9gicos a manos de grupos oligop\u00f3licos, interesados m\u00e1s en el incremento de sus ganancias a niveles de vergonzosa inmoralidad que en garantizar el acceso a la energ\u00eda a millones de espa\u00f1oles.<\/span><\/span><\/span><\/p>\n<p class=\"western\" align=\"justify\"><!--more--><\/p>\n<p class=\"western\" align=\"justify\"><span style=\"color: #000000;\"><span style=\"font-family: 'Times New Roman', serif;\"><span style=\"font-size: medium;\"><b>Un Sistema El\u00e9ctrico Oligop\u00f3lico Insolidario <\/b><\/span><\/span><\/span><\/p>\n<p class=\"western\" align=\"justify\"><span style=\"color: #000000;\"><span style=\"font-family: 'Times New Roman', serif;\"><span style=\"font-size: medium;\">El gobierno de Jos\u00e9 Mar\u00eda Aznar del Partido Popular liberaliz\u00f3 el sector el\u00e9ctrico espa\u00f1ol en 1999, previamente, en 1996, abord\u00f3 la privatizaci\u00f3n definitiva de la mayor empresa el\u00e9ctrica espa\u00f1ola, ENDESA, que proporcionaba sustanciales beneficios al Estado espa\u00f1ol. Los ide\u00f3logos neoliberales espa\u00f1oles argumentaron que la privatizaci\u00f3n garantizar\u00eda la competitividad del sector el\u00e9ctrico e implicar\u00eda una reducci\u00f3n de los precios de la factura el\u00e9ctrica, adem\u00e1s, facilitar\u00eda la entrada a la Uni\u00f3n Europea. Los argumentos neoliberales espa\u00f1oles no fueron adoptados por otros pa\u00edses europeos, as\u00ed Francia, EDF, Alemania, EoN, e Italia, ENEL, mantuvieron una importante presencia estatal en el sector el\u00e9ctrico. La tan argumentada competitividad del sector el\u00e9ctrico espa\u00f1ol es tan falsa que varias empresas el\u00e9ctricas espa\u00f1olas han sido sancionadas por pr\u00e1cticas oligop\u00f3licas, es decir, precisamente por falta de competitividad y transparencia en el establecimiento de precios, enti\u00e9ndase, manipulando los precios desde la generaci\u00f3n hasta la comercializaci\u00f3n. Tan s\u00f3lo una cifra para sustentar esta afirmaci\u00f3n: el precio de la energ\u00eda el\u00e9ctrica para el usuario dom\u00e9stico se ha incrementado en un 70% en los \u00faltimos 6 a\u00f1os. En enero se espera, adem\u00e1s, un incremento del 26% en la factura de los usuarios acogidos a la tarifa regulada o al PVPC. Un fracaso absoluto de un mercado el\u00e9ctrico oligop\u00f3lico al servicio de los intereses de algunos bancos y emporios econ\u00f3micos. La indiscutible existencia de un inocultable inter\u00e9s de las empresas privadas el\u00e9ctricas en maximizar sus ganancias e inversiones, en contraposici\u00f3n con la necesidad social de garantizar el derecho de acceso a la energ\u00eda, condiciona la implementaci\u00f3n de un mercado el\u00e9ctrico al cumplimiento de estrictos mecanismos de regulaci\u00f3n y peri\u00f3dicas auditor\u00edas, que cuanto menos implica la intervenci\u00f3n estatal, con un esquema de regulaci\u00f3n independiente de las empresas el\u00e9ctricas, e incluso la directa intervenci\u00f3n del Estado y actores sociales en el sector el\u00e9ctrico a trav\u00e9s de empresas p\u00fablicas y municipales; y cooperativas de usuarios y consumidores de energ\u00eda.<\/span><\/span><\/span><\/p>\n<p class=\"western\" align=\"justify\"><img loading=\"lazy\" decoding=\"async\" class=\"aligncenter size-full wp-image-2259\" src=\"http:\/\/albertorios.eu\/wp-content\/uploads\/estafaluz.jpg\" alt=\"\" width=\"505\" height=\"697\" srcset=\"https:\/\/albertorios.eu\/wp-content\/uploads\/estafaluz.jpg 505w, https:\/\/albertorios.eu\/wp-content\/uploads\/estafaluz-217x300.jpg 217w\" sizes=\"auto, (max-width: 505px) 100vw, 505px\" \/><\/p>\n<p class=\"western\" align=\"justify\"><span style=\"color: #000000;\"><span style=\"font-family: 'Times New Roman', serif;\"><span style=\"font-size: medium;\">El sustento del modelo neoliberal el\u00e9ctrico es cuanto menos discutible. El precio de generaci\u00f3n lo establece el ultimo generador que cubre la m\u00e1xima demanda en una hora determinada. En este desquiciado esquema de establecimiento de precios, los actores del mercado, es decir, las mismas empresas el\u00e9ctricas de generaci\u00f3n y comercializaci\u00f3n, en contubernio y complicidad, negocian los precios finales. As\u00ed, en el caso espa\u00f1ol, las centrales nucleares e hidr\u00e1ulicas, construidas hace d\u00e9cadas con dinero p\u00fablico, por tanto, m\u00e1s que amortizadas, presentan costes de generaci\u00f3n inferiores a 20\u20ac\/MWh, pero gracias al mecanismo neoliberal de asignaci\u00f3n de precios, han llegado a percibir hasta 100\u20ac\/MWh. 400% de rentabilidad, la verdadera causa del d\u00e9ficit tarifario espa\u00f1ol.<\/span><\/span><\/span><\/p>\n<p class=\"western\" align=\"justify\"><span style=\"color: #000000;\"><span style=\"font-family: 'Times New Roman', serif;\"><span style=\"font-size: medium;\">Este ilegitimo mecanismo de trasvasar dinero de los usuarios a unas pocas empresas el\u00e9ctricas est\u00e1 cubierta de un manto de legalidad, denominado liberalizaci\u00f3n del mercado el\u00e9ctrico. Legalidad no es legitimidad, una estafa sigue siendo una estafa aunque un Estado funcional a los oligopolios el\u00e9ctricos espa\u00f1oles legitime, por medio del Bolet\u00edn del Estado, BOE, esa forma de enriquecimiento il\u00edcito con normas y leyes estatales. El Estado espa\u00f1ol tambi\u00e9n se beneficia de un mercado cautivo con la implementaci\u00f3n de impuestos a los usuarios y a las empresas el\u00e9ctricas, en lugar de afectar las exorbitantes ganancias de las centrales nucleares e hidr\u00e1ulicas y de regular con seriedad a un sector concentrado y oligop\u00f3lico. Adicionalmente, las empresas el\u00e9ctricas han incrementado su insaciable lucro gracias a una serie de ayudas y beneficios: Costes de Transici\u00f3n a la Competencia, Pago por Capacidad, Aumento del Termino de Potencia de la Factura, etc. <\/span><\/span><\/span><\/p>\n<p class=\"western\" align=\"justify\"><span style=\"color: #000000;\"><span style=\"font-family: 'Times New Roman', serif;\"><span style=\"font-size: medium;\">El Estado espa\u00f1ol ha creado, promovido y protegido una estructura indolente ante sus indefensos ciudadanos, que ha transformado un derecho fundamental de las personas, el acceso a la energ\u00eda, en una mercanc\u00eda desde una perspectiva ultra neoliberal y profundamente antidemocr\u00e1tica, insolidaria e insostenible. Un derecho fundamental para el ser humano, el acceso a la energ\u00eda, en manos de oligopolios insolidarios y sin escr\u00fapulos, negocios privados con fines de lucro satisfaciendo derechos fundamentales, sin regulaciones que favorezcan a los usuarios y con un Estado que defiende los intereses de las empresas el\u00e9ctricas, en lugar de garantizar y establecer un equilibrio de poder, beneficioso para un pa\u00eds con lacerantes diferencias sociales.<\/span><\/span><\/span><\/p>\n<p class=\"western\" align=\"justify\"><span style=\"color: #000000;\"><span style=\"font-family: 'Times New Roman', serif;\"><span style=\"font-size: medium;\"><b>Los Zorros El\u00e9ctricos y la Desregulaci\u00f3n del Sector <\/b><\/span><\/span><\/span><\/p>\n<p class=\"western\" align=\"justify\"><span style=\"color: #000000;\"><span style=\"font-family: 'Times New Roman', serif;\"><span style=\"font-size: medium;\">Un mercado el\u00e9ctrico neoliberal concentrado, indolente y antidemocr\u00e1tico desde sus cimientos te\u00f3ricos desprende una insoportable animadversi\u00f3n en cada una de sus propuestas y mecanismos, dirigidos exclusivamente a garantizar sus ping\u00fces ganancias a costa de la pobreza energ\u00e9tica, por no decir miseria energ\u00e9tica, de millones de ciudadanos espa\u00f1oles, con dificultades para pagar la factura el\u00e9ctrica, 20% de la poblaci\u00f3n. Sin considerar, que los salarios medios espa\u00f1oles son dos o tres veces inferiores que los salarios medios de Alemania o Francia. El mercado el\u00e9ctrico neoliberal espa\u00f1ol, imperfecto, insolidario y oligop\u00f3lico, que no establece el precio real de la demanda el\u00e9ctrica y que basa los precios marginales de la generaci\u00f3n el\u00e9ctrica en el precio de la central el\u00e9ctrica m\u00e1s cara, se comporta como un clan de grupos mafiosos que extorsiona a sus indefensos clientes, en connivencia con un Estado funcional a sus intereses oligop\u00f3licos.<\/span><\/span><\/span><\/p>\n<p class=\"western\" align=\"justify\"><img loading=\"lazy\" decoding=\"async\" class=\"aligncenter size-full wp-image-2261\" src=\"http:\/\/albertorios.eu\/wp-content\/uploads\/descarga-2.jpg\" alt=\"\" width=\"299\" height=\"169\" \/><\/p>\n<p class=\"western\" align=\"justify\"><span style=\"color: #000000;\"><span style=\"font-family: 'Times New Roman', serif;\"><span style=\"font-size: medium;\">Se presentan algunas de las acciones promovidas por el oligopolio el\u00e9ctrico para mantener intocable su posici\u00f3n de fuerza ante la sociedad y ejercer su poder antidemocr\u00e1tico en un mercado cautivo y sin competencia real alguna entre los diferentes actores del mercado neoliberal:<\/span><\/span><\/span><\/p>\n<ul>\n<li>\n<p class=\"western\" align=\"justify\"><span style=\"color: #000000;\"><span style=\"font-family: 'Times New Roman', serif;\"><span style=\"font-size: medium;\"><b>Persecuci\u00f3n renovable<\/b><\/span><\/span><\/span><span style=\"color: #000000;\"><span style=\"font-family: 'Times New Roman', serif;\"><span style=\"font-size: medium;\">: Las empresas el\u00e9ctricas han posicionado la injustificada y antojadiza idea que los sistemas renovables son los culpables del d\u00e9ficit tarifario espa\u00f1ol. A solicitud manifiesta de los oligopolios el\u00e9ctricos, el gobierno de Mariano Rajoy promovi\u00f3 y promulg\u00f3 el Real Decreto Ley 1\/2012, que estableci\u00f3 la moratoria del sector renovable. Adem\u00e1s, el gobierno de Espa\u00f1a estableci\u00f3 por decreto una rentabilidad m\u00e1xima de los sistemas renovables igual al 7,4%. La estafa asociada al establecimiento de precios marginales, que generan unos exorbitados beneficios a las centrales nucleares e hidr\u00e1ulicas, que han alcanzado hasta un 400% de rentabilidad, sarc\u00e1sticamente denominados \u201cbeneficios ca\u00eddos del cielo\u201d, no han sido m\u00ednimamente mencionados por el gobierno espa\u00f1ol. La participaci\u00f3n de las energ\u00edas renovables en el mercado el\u00e9ctrico neoliberal reducen dr\u00e1sticamente los precios horarios en el mecanismo de establecimiento de precios, afectando las ganancias de las empresas el\u00e9ctricas y reduciendo el d\u00e9ficit tarifario que favorece al oligopolio el\u00e9ctrico. En este sentido, la motivaci\u00f3n de las empresas el\u00e9ctricas es clara: reducir el impacto de los sistemas renovables en el establecimiento de los precios marginales y minimizar su participaci\u00f3n en el sistema el\u00e9ctrico.<\/span><\/span><\/span><\/p>\n<\/li>\n<li>\n<p class=\"western\" align=\"justify\"><span style=\"color: #000000;\"><span style=\"font-family: 'Times New Roman', serif;\"><span style=\"font-size: medium;\"><b>Pagos por Capacidad<\/b><\/span><\/span><\/span><span style=\"color: #000000;\"><span style=\"font-family: 'Times New Roman', serif;\"><span style=\"font-size: medium;\">: A solicitud de las empresas el\u00e9ctricas, el gobierno espa\u00f1ol ha introducido el pago por capacidad, es decir, para garantizar la recuperaci\u00f3n de las inversiones de las empresas el\u00e9ctricas en ciclos combinados, se establece un pago por garantizar la disponibilidad de las centrales de gas en eventos impredecibles. Este mecanismo no responde a ning\u00fan criterio de competitividad y no se entiende con claridad como se establece el precio de pago por capacidad cuando los ciclos combinados presentan diferentes caracter\u00edsticas t\u00e9cnicas, costes de operaci\u00f3n, existencia de contratos de suministro de gas y rendimientos. Por otro lado, es muy complicado comprobar si alguna central de ciclo combinado manipula sus niveles de producci\u00f3n el\u00e9ctrica, no necesariamente por motivos operativos o causas t\u00e9cnicas, lo que podr\u00eda inducir a una alteraci\u00f3n artificial de precios marginales y, por tanto, afectar los precios finales que abonan los usuarios dom\u00e9sticos. La verificaci\u00f3n de la disponibilidad de las centrales de ciclo combinado es un elemento fundamental de control que permitir\u00e1 evitar el fraude econ\u00f3mico, determinar el nivel de reserva rodante y garantizar el margen de seguridad del sistema el\u00e9ctrico.<\/span><\/span><\/span><\/p>\n<\/li>\n<li>\n<p class=\"western\" align=\"justify\"><span style=\"color: #000000;\"><span style=\"font-family: 'Times New Roman', serif;\"><span style=\"font-size: medium;\"><b>Impuesto al sol<\/b><\/span><\/span><\/span><span style=\"color: #000000;\"><span style=\"font-family: 'Times New Roman', serif;\"><span style=\"font-size: medium;\">: Las empresas de distribuci\u00f3n el\u00e9ctrica, en manos de las grandes empresas oligop\u00f3licas, lucharon incansablemente por implementar una normativa que minimice la participaci\u00f3n de sistemas renovables fotovoltaicos en las redes de distribuci\u00f3n el\u00e9ctrica, que afecten su posici\u00f3n dominante ante los usuarios dom\u00e9sticos. El gobierno espa\u00f1ol legisl\u00f3 a su favor y promulg\u00f3 el Real Decreto 900\/2015. Un incomprensible mecanismo legal de paralizaci\u00f3n de la avalancha prevista de inversiones en el sector fotovoltaico residencial, que ha impedido el incremento de instalaciones solares y por tanto, la reducci\u00f3n de la dependencia espa\u00f1ola del gas natural for\u00e1neo y del precio de la energ\u00eda el\u00e9ctrica en horas punta de verano. Adicionalmente, la generaci\u00f3n local distribuida proporciona una reducci\u00f3n adicional en p\u00e9rdidas el\u00e9ctricas en las redes de distribuci\u00f3n de baja tensi\u00f3n. No obstante, la verdadera revoluci\u00f3n de la masificaci\u00f3n de los sistemas renovables dom\u00e9sticos es que introduce un nuevo actor en el sector el\u00e9ctrico y democratiza la propiedad de los sistemas de generaci\u00f3n el\u00e9ctrica.<\/span><\/span><\/span><\/p>\n<\/li>\n<li>\n<p class=\"western\" align=\"justify\"><span style=\"color: #000000;\"><span style=\"font-family: 'Times New Roman', serif;\"><span style=\"font-size: medium;\"><b>Puertas giratorias<\/b><\/span><\/span><\/span><span style=\"color: #000000;\"><span style=\"font-family: 'Times New Roman', serif;\"><span style=\"font-size: medium;\">: Una clara demostraci\u00f3n de la degradaci\u00f3n democr\u00e1tica espa\u00f1ola y de la despreciable e incestuosa relaci\u00f3n entre el poder pol\u00edtico y los oligopolios energ\u00e9ticos espa\u00f1oles, que agradecen a los funcionarios p\u00fablicos los servicios prestados con suculentos contratos en calidad de asesores en los Consejos de Administraci\u00f3n de las empresas energ\u00e9ticas. Ex-Presidentes y ex-Ministros de diferentes gobiernos espa\u00f1oles han utilizado las puertas giratorias sin ninguna impunidad ni remordimiento, entre ellos destacan <\/span><\/span><\/span><span style=\"color: #000000;\"><span style=\"font-family: 'Times New Roman', serif;\"><span style=\"font-size: medium;\">Felipe Gonz\u00e1lez, Jos\u00e9 Mar\u00eda Aznar, Javier Solana, Alberto Nadal, Ana Palacio, \u00c1ngel Aceves, Josep Borrel, Ana Cuevas, Pedro Solbes, Elena Salgado, Josu Jon Imaz, etc<\/span><\/span><\/span><span style=\"color: #000000;\"><span style=\"font-family: 'Times New Roman', serif;\"><span style=\"font-size: medium;\">.<\/span><\/span><\/span><\/p>\n<\/li>\n<\/ul>\n<p class=\"western\" align=\"justify\"><img loading=\"lazy\" decoding=\"async\" class=\"aligncenter size-full wp-image-2260\" src=\"http:\/\/albertorios.eu\/wp-content\/uploads\/chorizos-ppsoe-felipe-aznar-mafia-electricas-energialibre-.jpg\" alt=\"\" width=\"480\" height=\"246\" srcset=\"https:\/\/albertorios.eu\/wp-content\/uploads\/chorizos-ppsoe-felipe-aznar-mafia-electricas-energialibre-.jpg 480w, https:\/\/albertorios.eu\/wp-content\/uploads\/chorizos-ppsoe-felipe-aznar-mafia-electricas-energialibre--300x154.jpg 300w\" sizes=\"auto, (max-width: 480px) 100vw, 480px\" \/><\/p>\n<p class=\"western\" align=\"justify\"><img loading=\"lazy\" decoding=\"async\" class=\"aligncenter size-full wp-image-2263\" src=\"http:\/\/albertorios.eu\/wp-content\/uploads\/polit_elect.png\" alt=\"\" width=\"1231\" height=\"870\" srcset=\"https:\/\/albertorios.eu\/wp-content\/uploads\/polit_elect.png 1231w, https:\/\/albertorios.eu\/wp-content\/uploads\/polit_elect-300x212.png 300w, https:\/\/albertorios.eu\/wp-content\/uploads\/polit_elect-768x543.png 768w, https:\/\/albertorios.eu\/wp-content\/uploads\/polit_elect-1024x724.png 1024w, https:\/\/albertorios.eu\/wp-content\/uploads\/polit_elect-424x300.png 424w\" sizes=\"auto, (max-width: 1231px) 100vw, 1231px\" \/><\/p>\n<p class=\"western\" align=\"justify\"><span style=\"color: #000000;\"><span style=\"font-family: 'Times New Roman', serif;\"><span style=\"font-size: medium;\"><b>Propuestas de Transformaci\u00f3n del Modelo El\u00e9ctrico Espa\u00f1ol <\/b><\/span><\/span><\/span><\/p>\n<p class=\"western\" align=\"justify\"><span style=\"color: #000000;\"><span style=\"font-family: 'Times New Roman', serif;\"><span style=\"font-size: medium;\">Ante un mercado neoliberal, insolidario y antidemocr\u00e1tico, diversas organizaciones sociales espa\u00f1olas, a trav\u00e9s de la <\/span><\/span><\/span><span style=\"color: #000000;\"><span style=\"font-family: 'Times New Roman', serif;\"><span style=\"font-size: medium;\"><b>Plataforma<\/b><\/span><\/span><\/span><span style=\"color: #000000;\"><span style=\"font-family: 'Times New Roman', serif;\"><span style=\"font-size: medium;\"> p<\/span><\/span><\/span><span style=\"color: #000000;\"><span style=\"font-family: 'Times New Roman', serif;\"><span style=\"font-size: medium;\"><b>or un Nuevo Modelo Energ\u00e9tico<\/b><\/span><\/span><\/span><span style=\"color: #000000;\"><span style=\"font-family: 'Times New Roman', serif;\"><span style=\"font-size: medium;\">, exigen la implementaci\u00f3n de un nuevo modelo el\u00e9ctrico basado en la maximizaci\u00f3n de los sistemas renovables de generaci\u00f3n el\u00e9ctrica y en la implementaci\u00f3n de planes de ahorro y eficiencia energ\u00e9tica, as\u00ed como, en la activa participaci\u00f3n de organizaciones sociales y cooperativas de usuarios y consumidores que permita la construcci\u00f3n de un modelo energ\u00e9tico colaborativo, solidario, renovable, respetuoso con el medio ambiente y orientado a garantizar el acceso universal de la energ\u00eda a todos los ciudadanos espa\u00f1oles, en contraposici\u00f3n a la l\u00f3gica usurera e indecente del mercado neoliberal. Evidentemente, el principal problema que deber\u00e1 abordar la reforma del sector el\u00e9ctrico es restablecer el car\u00e1cter de servicio p\u00fablico del suministro el\u00e9ctrico, que garantice el acceso universal a la energ\u00eda a los ciudadanos espa\u00f1oles e inicie el largo proceso de transici\u00f3n energ\u00e9tica de un modelo obsoleto, contaminante e insostenible hacia un modelo renovable, eficiente y sostenible a largo plazo.<\/span><\/span><\/span><\/p>\n<p class=\"western\" align=\"justify\"><span style=\"color: #000000;\"><span style=\"font-family: 'Times New Roman', serif;\"><span style=\"font-size: medium;\">Entre las principales medidas para reformar el modelo el\u00e9ctrico actual destacan:<\/span><\/span><\/span><\/p>\n<ul>\n<li>\n<p class=\"western\" align=\"justify\"><span style=\"color: #000000;\"><span style=\"font-family: 'Times New Roman', serif;\"><span style=\"font-size: medium;\"><b>Auditor\u00eda de costes de generaci\u00f3n el\u00e9ctrica<\/b><\/span><\/span><\/span><span style=\"color: #000000;\"><span style=\"font-family: 'Times New Roman', serif;\"><span style=\"font-size: medium;\">. La realizaci\u00f3n de una auditor\u00eda de los costes y peajes del sector el\u00e9ctrico permitir\u00e1 determinar los costes reales de la electricidad y cuantificar la magnitud de la estafa a los usuarios espa\u00f1oles en las \u00faltimos d\u00e9cadas. El nuevo modelo el\u00e9ctrico deber\u00e1 disponer de un nuevo mecanismo de fijaci\u00f3n de precio que refleje el verdadero coste de cada tecnolog\u00eda de generaci\u00f3n el\u00e9ctrica y garantice una retribuci\u00f3n asociada a una rentabilidad razonable, por ejemplo, inferior al 7,4%, aplicado a los sistemas renovables. Asimismo, el nuevo mecanismo de fijaci\u00f3n de costes deber\u00e1 eliminar la sobre-remuneraci\u00f3n que reciben las centrales hidr\u00e1ulicas y nucleares, as\u00ed como, justificar los pagos por capacidad en funci\u00f3n de criterios t\u00e9cnicos de disponibilidad y revertir el incremento del t\u00e9rmino de potencia en las facturas el\u00e9ctricas de los usuarios dom\u00e9sticos.<\/span><\/span><\/span><\/p>\n<\/li>\n<li>\n<p class=\"western\" align=\"justify\"><span style=\"color: #000000;\"><span style=\"font-family: 'Times New Roman', serif;\"><span style=\"font-size: medium;\"><b>Recuperaci\u00f3n de la rol rector del Estado en el sector el\u00e9ctrico<\/b><\/span><\/span><\/span><span style=\"color: #000000;\"><span style=\"font-family: 'Times New Roman', serif;\"><span style=\"font-size: medium;\">. El Estado por medio de instituciones p\u00fablicas deber\u00e1: garantizar la supervisi\u00f3n de las actividades de las empresas el\u00e9ctricas reguladas privadas, p\u00fablicas y cooperativas de generaci\u00f3n y de usuarios y consumidores; definir la participaci\u00f3n de las diferentes tecnolog\u00edas de generaci\u00f3n el\u00e9ctrica en funci\u00f3n de la seguridad de abastecimiento energ\u00e9tico, del impacto en el medio ambiente, la salud y la generaci\u00f3n de empleo; determinar el nivel de reserva rodante y el \u00edndice de cobertura de la demanda el\u00e9ctrica con tecnolog\u00edas renovables y f\u00f3siles; establecer un programa de subastas renovables para la construcci\u00f3n de nuevas centrales renovables y un plan de cierre programado de centrales nucleares; desarrollar un entorno normativo que garantice la recuperaci\u00f3n de los cobros indebidos realizados por las empresas oligop\u00f3licos del sector el\u00e9ctrico por su posici\u00f3n dominante en el mercado, en complicidad con un Estado funcional a sus intereses. <\/span><\/span><\/span><\/p>\n<\/li>\n<li>\n<p class=\"western\" align=\"justify\"><span style=\"color: #000000;\"><span style=\"font-family: 'Times New Roman', serif;\"><span style=\"font-size: medium;\"><b>Recuperaci\u00f3n de la propiedad y gesti\u00f3n p\u00fablica de las centrales hidroel\u00e9ctricas<\/b><\/span><\/span><\/span><span style=\"color: #000000;\"><span style=\"font-family: 'Times New Roman', serif;\"><span style=\"font-size: medium;\">. El Estado espa\u00f1ol deber\u00e1 revisar las concesiones hidroel\u00e9ctricas y subrogarse la gesti\u00f3n de los embalses de agua con criterios de optimizaci\u00f3n hidroel\u00e9ctrica que permitan minimizar el coste de la energ\u00eda el\u00e9ctrica para los usuarios.<\/span><\/span><\/span><\/p>\n<\/li>\n<li>\n<p class=\"western\" align=\"justify\"><span style=\"color: #000000;\"><span style=\"font-family: 'Times New Roman', serif;\"><span style=\"font-size: medium;\"><b>Eliminaci\u00f3n del impuesto al sol<\/b><\/span><\/span><\/span><span style=\"color: #000000;\"><span style=\"font-family: 'Times New Roman', serif;\"><span style=\"font-size: medium;\">. El Estado espa\u00f1ol deber\u00e1 derogar el Real Decreto 900\/2015 y establecer un entorno normativo que promocione la masificaci\u00f3n de la instalaci\u00f3n de sistemas renovables dom\u00e9sticos, industriales y comerciales que democratice la propiedad de los sistemas de generaci\u00f3n renovable y su participaci\u00f3n activa en el sector el\u00e9ctrico a trav\u00e9s de asociaciones de peque\u00f1os generadores el\u00e9ctricos, as\u00ed como, de cooperativas de usuarios y consumidores.<\/span><\/span><\/span><\/p>\n<\/li>\n<li>\n<p class=\"western\" align=\"justify\"><span style=\"color: #000000;\"><span style=\"font-family: 'Times New Roman', serif;\"><span style=\"font-size: medium;\"><b>Reducci\u00f3n del Impuesto al Valor Agregado, IVA<\/b><\/span><\/span><\/span><span style=\"color: #000000;\"><span style=\"font-family: 'Times New Roman', serif;\"><span style=\"font-size: medium;\">. En plena crisis econ\u00f3mica, el castigado usuario espa\u00f1ol, durante d\u00e9cadas de estafa el\u00e9ctrica, podr\u00eda atenuar su gasto en la factura el\u00e9ctrica con una sustancial reducci\u00f3n del IVA, actualmente en el 21%. En algunos pa\u00edses europeos, ya se ha realizado una rebaja sustancial del IVA: 10% en Italia; 6% en B\u00e9lgica; y 5% en Reino Unido. Por lo que no parece una medida extravagante. <\/span><\/span><\/span><\/p>\n<\/li>\n<\/ul>\n<p class=\"western\" align=\"justify\"><span style=\"color: #000000;\"><span style=\"font-family: 'Times New Roman', serif;\"><span style=\"font-size: medium;\"><img loading=\"lazy\" decoding=\"async\" class=\"aligncenter size-full wp-image-2262\" src=\"http:\/\/albertorios.eu\/wp-content\/uploads\/images-4.jpg\" alt=\"\" width=\"192\" height=\"263\" \/>Como conclusi\u00f3n, el mercado el\u00e9ctrico neoliberal espa\u00f1ol, en plena crisis econ\u00f3mica, ha causado una situaci\u00f3n de pobreza energ\u00e9tica en uno de los pa\u00edses con mejor nivel de vida del mundo. La causa principal de esta desesperante situaci\u00f3n para millones de ciudadanos espa\u00f1oles ha sido una descarada regulaci\u00f3n a favor de los intereses de un reducido grupo de empresas el\u00e9ctricas, que se ha traducido en un trasvase de renta econ\u00f3mica de las grandes mayor\u00edas a un oligopolio indecente e insolidario. En la actualidad, diversas organizaciones pol\u00edticas abogan por la transformaci\u00f3n del modelo el\u00e9ctrico espa\u00f1ol, priorizando la integraci\u00f3n de las energ\u00edas renovables, la implementaci\u00f3n de planes de eficiencia y ahorro energ\u00e9tico y democratizando el funcionamiento del sector el\u00e9ctrico, con la participaci\u00f3n de nuevos actores como los propietario de sistemas renovables de generaci\u00f3n el\u00e9ctrica y las cooperativas de usuarios y consumidores.<\/span><\/span><\/span><\/p>\n<p><img loading=\"lazy\" decoding=\"async\" class=\"aligncenter size-full wp-image-2264\" src=\"http:\/\/albertorios.eu\/wp-content\/uploads\/electricas_partidos_vallas_620x419.jpg\" alt=\"\" width=\"620\" height=\"419\" srcset=\"https:\/\/albertorios.eu\/wp-content\/uploads\/electricas_partidos_vallas_620x419.jpg 620w, https:\/\/albertorios.eu\/wp-content\/uploads\/electricas_partidos_vallas_620x419-300x203.jpg 300w, https:\/\/albertorios.eu\/wp-content\/uploads\/electricas_partidos_vallas_620x419-444x300.jpg 444w\" sizes=\"auto, (max-width: 620px) 100vw, 620px\" \/><\/p>\n<!-- AddThis Advanced Settings generic via filter on the_content --><!-- AddThis Share Buttons generic via filter on the_content -->","protected":false},"excerpt":{"rendered":"<p>En enero del 2017, los usuarios espa\u00f1oles pagaron la electricidad m\u00e1s cara de Europa. Las autoridades del sector el\u00e9ctrico espa\u00f1ol se\u00f1alan que la subida de precios se debe a cuestiones meteorol\u00f3gicas, temporal de fr\u00edo en la pen\u00ednsula ib\u00e9rica, que caus\u00f3 &hellip; <a href=\"https:\/\/albertorios.eu\/?p=2257\">Sigue leyendo <span class=\"meta-nav\">&rarr;<\/span><\/a><!-- AddThis Advanced Settings generic via filter on wp_trim_excerpt --><!-- AddThis Share Buttons generic via filter on wp_trim_excerpt --><\/p>\n","protected":false},"author":1,"featured_media":2258,"comment_status":"closed","ping_status":"open","sticky":false,"template":"","format":"standard","meta":{"footnotes":""},"categories":[6,1],"tags":[],"class_list":["post-2257","post","type-post","status-publish","format-standard","has-post-thumbnail","hentry","category-modelo-energetico","category-sector-electrico"],"_links":{"self":[{"href":"https:\/\/albertorios.eu\/index.php?rest_route=\/wp\/v2\/posts\/2257","targetHints":{"allow":["GET"]}}],"collection":[{"href":"https:\/\/albertorios.eu\/index.php?rest_route=\/wp\/v2\/posts"}],"about":[{"href":"https:\/\/albertorios.eu\/index.php?rest_route=\/wp\/v2\/types\/post"}],"author":[{"embeddable":true,"href":"https:\/\/albertorios.eu\/index.php?rest_route=\/wp\/v2\/users\/1"}],"replies":[{"embeddable":true,"href":"https:\/\/albertorios.eu\/index.php?rest_route=%2Fwp%2Fv2%2Fcomments&post=2257"}],"version-history":[{"count":1,"href":"https:\/\/albertorios.eu\/index.php?rest_route=\/wp\/v2\/posts\/2257\/revisions"}],"predecessor-version":[{"id":2265,"href":"https:\/\/albertorios.eu\/index.php?rest_route=\/wp\/v2\/posts\/2257\/revisions\/2265"}],"wp:featuredmedia":[{"embeddable":true,"href":"https:\/\/albertorios.eu\/index.php?rest_route=\/wp\/v2\/media\/2258"}],"wp:attachment":[{"href":"https:\/\/albertorios.eu\/index.php?rest_route=%2Fwp%2Fv2%2Fmedia&parent=2257"}],"wp:term":[{"taxonomy":"category","embeddable":true,"href":"https:\/\/albertorios.eu\/index.php?rest_route=%2Fwp%2Fv2%2Fcategories&post=2257"},{"taxonomy":"post_tag","embeddable":true,"href":"https:\/\/albertorios.eu\/index.php?rest_route=%2Fwp%2Fv2%2Ftags&post=2257"}],"curies":[{"name":"wp","href":"https:\/\/api.w.org\/{rel}","templated":true}]}}