{"id":2103,"date":"2015-11-29T18:47:07","date_gmt":"2015-11-29T17:47:07","guid":{"rendered":"http:\/\/albertorios.eu\/?p=2103"},"modified":"2015-11-29T18:47:07","modified_gmt":"2015-11-29T17:47:07","slug":"balance-energetico-del-peru-2015","status":"publish","type":"post","link":"https:\/\/albertorios.eu\/?p=2103","title":{"rendered":"BALANCE ENERG\u00c9TICO DEL PER\u00da 2015"},"content":{"rendered":"<p class=\"western\" align=\"justify\"><span style=\"font-family: Times New Roman,serif;\"><span style=\"color: #000000;\"><span style=\"font-size: medium;\">Actualmente, la econom\u00eda peruana se desenvuelve en un entorno geopol\u00edtico internacional complejo y en un fase de recesi\u00f3n global capitalista. Las proyecciones de crecimiento <\/span><span style=\"font-size: medium;\">nacional <\/span><span style=\"font-size: medium;\">son periodicamente recortados tanto por organismos financieros nacionales e internacionales y el gobierno nacionalista consum<\/span><span style=\"font-size: medium;\">e<\/span><span style=\"font-size: medium;\"> sus \u00faltimos meses de gobierno sin presentar ni mucho menos implementar una pol\u00edtica energ\u00e9tica a largo plazo que permita desencadenar al Per\u00fa de <\/span><span style=\"font-size: medium;\">una suicida dependencia de los <\/span><span style=\"font-size: medium;\">recursos f\u00f3siles. <\/span><span style=\"font-size: medium;\">Asimismo, la diferencia entre las predicciones del crecimiento y la construcci\u00f3n de nuevas instalaciones el\u00e9ctricas puede crear un serio problema de sobreinstalaci\u00f3n el\u00e9ctrica en los pr\u00f3ximos a\u00f1os, con el consiguiente impacto en el funcionamiento del mercado el\u00e9ctrico nacional. <\/span><\/span><span style=\"font-size: medium;\"><span style=\"color: #000000;\">Por otro lado, la problem\u00e1tica del Lote 192 ha desvelado la profunda ignorancia en temas energ\u00e9ticos del actual gobierno peruano. El Lote 192 una incomoda herencia para un futuro gobierno que deber\u00e1 afrontar el problema de la dependencia del petr\u00f3leo desde otra perspectiva.<\/span> <\/span><\/span><\/p>\n<p class=\"western\" align=\"justify\"><!--more--><\/p>\n<p class=\"western\" align=\"justify\"><strong><span style=\"font-family: Times New Roman,serif; color: #000000;\"><span style=\"font-size: medium;\">PBI y Demanda de Energ\u00eda <\/span><\/span><\/strong><\/p>\n<p class=\"western\" align=\"justify\"><span style=\"color: #000000;\"><span style=\"font-family: Times New Roman,serif;\"><span style=\"font-size: medium;\">Existe una estrecha relaci\u00f3n entre l<\/span><\/span><span style=\"font-family: Times New Roman,serif;\"><span style=\"font-size: medium;\">a<\/span><\/span><span style=\"font-family: Times New Roman,serif;\"><span style=\"font-size: medium;\"> demanda de energ\u00eda <\/span><\/span><span style=\"font-family: Times New Roman,serif;\"><span style=\"font-size: medium;\">y<\/span><\/span><span style=\"font-family: Times New Roman,serif;\"><span style=\"font-size: medium;\"> la evoluci\u00f3n del P<\/span><\/span><span style=\"font-family: Times New Roman,serif;\"><span style=\"font-size: medium;\">BI<\/span><\/span><span style=\"font-family: Times New Roman,serif;\"><span style=\"font-size: medium;\">, y por tanto, con el crecimiento econ\u00f3mico de <\/span><\/span><span style=\"font-family: Times New Roman,serif;\"><span style=\"font-size: medium;\">un<\/span><\/span><span style=\"font-family: Times New Roman,serif;\"><span style=\"font-size: medium;\"> pa\u00eds. Por ejemplo, el PBI del Per\u00fa entre 2000 y 2013 present\u00f3 tasa promedio anual de <\/span><\/span><span style=\"font-family: Times New Roman,serif;\"><span style=\"font-size: medium;\">crecimiento de<\/span><\/span><span style=\"font-family: Times New Roman,serif;\"><span style=\"font-size: medium;\">l 5,8% y la tasa promedio anual de crecimiento de la demanda de energ\u00eda<\/span><\/span> <span style=\"font-family: Times New Roman,serif;\"><span style=\"font-size: medium;\">fue <\/span><\/span><span style=\"font-family: Times New Roman,serif;\"><span style=\"font-size: medium;\">de 3,7 %<\/span><\/span><span style=\"font-family: Times New Roman,serif;\"><span style=\"font-size: medium;\">. Las predicciones de la demanda de energ\u00eda, en los m\u00e1s relevantes informes <\/span><\/span><span style=\"font-family: Times New Roman,serif;\"><span style=\"font-size: medium;\">gubernamentales<\/span><\/span><span style=\"font-family: Times New Roman,serif;\"><span style=\"font-size: medium;\"> de los \u00faltimos a\u00f1os, se han realizado en base a un proceso de expansi\u00f3n del capitalismo peruano que, al parecer a llegado a su fin, al igual que su modelo de crecimiento concentrado en la explotaci\u00f3n de recursos primarios de exportaci\u00f3n con un pr\u00e1cticamente nulo valor a\u00f1adido industrial. <\/span><\/span><span style=\"font-family: Times New Roman,serif;\"><span style=\"font-size: medium;\">El<\/span><\/span><span style=\"font-family: Times New Roman,serif;\"><span style=\"font-size: medium;\"> Instituto Nacional de Estad\u00edstica e Inform\u00e1tica, INEI, <\/span><\/span><span style=\"font-family: Times New Roman,serif;\"><span style=\"font-size: medium;\">indica que <\/span><\/span><span style=\"font-family: Times New Roman,serif;\"><span style=\"font-size: medium;\">el crecimiento econ\u00f3mico de Per\u00fa en t\u00e9rminos de PBI fue del 3.0% respecto al mismo periodo del a\u00f1o anterior. <\/span><\/span><span style=\"font-family: Times New Roman,serif;\"><span style=\"font-size: medium;\">En el primer semestre de 2015, el PBI <\/span><\/span><span style=\"font-family: Times New Roman,serif;\"><span style=\"font-size: medium;\">peruano <\/span><\/span><span style=\"font-family: Times New Roman,serif;\"><span style=\"font-size: medium;\">se increment\u00f3 en 2,4%, <\/span><\/span><span style=\"font-family: Times New Roman,serif;\"><span style=\"font-size: medium;\">y<\/span><\/span><span style=\"font-family: Times New Roman,serif;\"><span style=\"font-size: medium;\"> en los \u00faltimos cuatro trimestres acumul\u00f3 un <\/span><\/span><span style=\"font-family: Times New Roman,serif;\"><span style=\"font-size: medium;\">reducido <\/span><\/span><span style=\"font-family: Times New Roman,serif;\"><span style=\"font-size: medium;\">incremento de<\/span><\/span><span style=\"font-family: Times New Roman,serif;\"><span style=\"font-size: medium;\">l<\/span><\/span><span style=\"font-family: Times New Roman,serif;\"><span style=\"font-size: medium;\"> 1,9%. El PBI desestacionalizado en el segundo trimestre del 2015 se increment\u00f3 en 1,2% en relaci\u00f3n al trimestre inmediat<\/span><\/span><span style=\"font-family: Times New Roman,serif;\"><span style=\"font-size: medium;\">amente<\/span><\/span><span style=\"font-family: Times New Roman,serif;\"><span style=\"font-size: medium;\"> anterior.<\/span><\/span> <span style=\"font-family: Times New Roman,serif;\"><span style=\"font-size: medium;\">En la figura<\/span><\/span> <span style=\"font-family: Times New Roman,serif;\"><span style=\"font-size: medium;\">1<\/span><\/span><\/span><span style=\"font-family: Times New Roman,serif;\"><span style=\"font-size: medium;\"><span style=\"color: #000000;\">, se observa con claridad la desaceleraci\u00f3n del crecimiento de la econom\u00eda peruana en los \u00faltimos 3 a\u00f1os.<\/span> <\/span><\/span><\/p>\n<div id=\"attachment_2104\" style=\"width: 931px\" class=\"wp-caption aligncenter\"><a href=\"http:\/\/albertorios.eu\/wp-content\/uploads\/Captura-de-pantalla-de-2015-11-29-123249.png\"><img loading=\"lazy\" decoding=\"async\" aria-describedby=\"caption-attachment-2104\" class=\"wp-image-2104 size-full\" src=\"http:\/\/albertorios.eu\/wp-content\/uploads\/Captura-de-pantalla-de-2015-11-29-123249.png\" alt=\"Captura de pantalla de 2015-11-29 12:32:49\" width=\"921\" height=\"341\" srcset=\"https:\/\/albertorios.eu\/wp-content\/uploads\/Captura-de-pantalla-de-2015-11-29-123249.png 921w, https:\/\/albertorios.eu\/wp-content\/uploads\/Captura-de-pantalla-de-2015-11-29-123249-300x111.png 300w, https:\/\/albertorios.eu\/wp-content\/uploads\/Captura-de-pantalla-de-2015-11-29-123249-500x185.png 500w\" sizes=\"auto, (max-width: 921px) 100vw, 921px\" \/><\/a><p id=\"caption-attachment-2104\" class=\"wp-caption-text\"><span style=\"color: #000000;\">Figura 1: Evoluci\u00f3n del Producto Bruto Interno, PBI, y de la demanda interna entre el a\u00f1o 2008-2015.<\/span><\/p><\/div>\n<p class=\"western\" align=\"justify\"><span style=\"font-family: Times New Roman,serif; color: #000000;\"><span style=\"font-size: medium;\">Las predicciones de crecimiento de la econom\u00eda peruana indican valores de 2,7% y 3,0% para el a\u00f1o 2015 y 2016, respectivamente, muy por debajo del 5,9% experimentado en los a\u00f1os 2013-2014. Los Planes Energ\u00e9ticos Nacionales elaborados en periodos de bonanza econ\u00f3mica y desbordado optimismo en el futuro revelan una situaci\u00f3n de grave riesgo en la toma de decisiones de pol\u00edtica energ\u00e9tica a largo plazo. Los errores en temas energ\u00e9ticos a largo plazo pueden poner en serio peligro la d\u00e9bil estabilidad social y econ\u00f3mica en un pa\u00eds con lacerantes diferencias sociales. <\/span><\/span><\/p>\n<p class=\"western\" align=\"justify\"><span style=\"font-family: Times New Roman,serif; color: #000000;\"><span style=\"font-size: medium;\">Es evidente que la desaceleraci\u00f3n del PBI peruano afectar\u00e1 al crecimiento de la demanda de energ\u00eda y obligar\u00e1 a replantear los planes energ\u00e9ticos en un entorno de reducido crecimiento econ\u00f3mico nacional. Asimismo, la recesi\u00f3n de los pa\u00edses industrializados &#8211; USA, Uni\u00f3n Europea, Rusia &#8211; as\u00ed como la desaceleraci\u00f3n econ\u00f3mica que experimenta China, afectar\u00e1 la recuperaci\u00f3n econ\u00f3mica del Per\u00fa. En octubre del presente a\u00f1o, el Fondo Monetario Internacional redujo a 2,4% la predicci\u00f3n de crecimiento para el Per\u00fa en el a\u00f1o 2015.<\/span><\/span><\/p>\n<p class=\"western\" align=\"justify\"><span style=\"font-family: Times New Roman,serif; color: #000000;\"><span style=\"font-size: medium;\">As\u00ed, e<\/span><span style=\"font-size: medium;\">n noviembre<\/span><span style=\"font-size: medium;\"> del a\u00f1o 2014, el Ministerio de Energ\u00eda y Minas<\/span><span style=\"font-size: medium;\">, MINEM,<\/span><span style=\"font-size: medium;\"> public\u00f3 el documento \u00abPlan Energ\u00e9tico Nacional 2014-2025\u00bb. En e<\/span><span style=\"font-size: medium;\">l mencionado<\/span><span style=\"font-size: medium;\"> documento se present<\/span><span style=\"font-size: medium;\">aron<\/span><span style=\"font-size: medium;\"> proyecci<\/span><span style=\"font-size: medium;\">o<\/span><span style=\"font-size: medium;\">n<\/span><span style=\"font-size: medium;\">es<\/span><span style=\"font-size: medium;\"> de la demanda de energ\u00eda en el horizonte 2014-2025 para dos escenarios de crecimiento econ\u00f3mico: un escenario optimista<\/span><span style=\"font-size: medium;\"> &#8211; escenario base &#8211;<\/span><span style=\"font-size: medium;\"> y un escenario conservador<\/span><span style=\"font-size: medium;\"> &#8211; escenario alternativo<\/span><span style=\"font-size: medium;\">. En el escenario optimista se espera un crecimiento<\/span><span style=\"font-size: medium;\"> econ\u00f3mico promedio<\/span><span style=\"font-size: medium;\"> anual de 6,5%, mientras que en el escenario conservador se espera un crecimiento econ\u00f3mico <\/span><span style=\"font-size: medium;\">promedio <\/span><span style=\"font-size: medium;\">anual de 4,5%. <\/span><span style=\"font-size: medium;\">En la figura <\/span><span style=\"font-size: medium;\">2<\/span><span style=\"font-size: medium;\">, se muestra<\/span><span style=\"font-size: medium;\">n<\/span><span style=\"font-size: medium;\"> las proyecciones de la demanda de energ\u00eda <\/span><span style=\"font-size: medium;\">final <\/span><span style=\"font-size: medium;\">para los escenarios anteriormente descritos. Se observa, adem\u00e1s, dos escenarios complementarios a los escenarios de crecimiento econ\u00f3mico, relacionados con la introducci\u00f3n de medidas de eficiencia energ\u00e9tica<\/span><span style=\"font-size: medium;\"> en los sectores residencial, servicios, industrial y transporte<\/span><span style=\"font-size: medium;\">. <\/span><span style=\"font-size: medium;\">Se observa, por tanto, que las autoridades gubernamentales del sector energ\u00e9tico no realizan un an\u00e1lisis serio de la evoluci\u00f3n de la econom\u00eda nacional y de la coyuntura internacional y prefieren confundir sue\u00f1os con realidad. El sue\u00f1o del crecimiento econ\u00f3mico infinito se antepone a la triste realidad de final de un modelo econ\u00f3mico excluyente, desequilibrado socialmente y concentrado en algunos reducidos grupos de poder econ\u00f3mico. La existencia de una nueva realidad obliga a replantear una nueva estrategia energ\u00e9tica a largo plazo, dirigida a reemplazar el consumo de recursos f\u00f3siles en el sector transporte y el\u00e9ctrico y en democratizar y localizar la generaci\u00f3n de energ\u00eda en el Per\u00fa.<\/span><\/span><\/p>\n<div id=\"attachment_2105\" style=\"width: 734px\" class=\"wp-caption aligncenter\"><a href=\"http:\/\/albertorios.eu\/wp-content\/uploads\/Captura-de-pantalla-de-2015-11-29-123420.png\"><img loading=\"lazy\" decoding=\"async\" aria-describedby=\"caption-attachment-2105\" class=\"wp-image-2105 size-full\" src=\"http:\/\/albertorios.eu\/wp-content\/uploads\/Captura-de-pantalla-de-2015-11-29-123420.png\" alt=\"Captura de pantalla de 2015-11-29 12:34:20\" width=\"724\" height=\"439\" srcset=\"https:\/\/albertorios.eu\/wp-content\/uploads\/Captura-de-pantalla-de-2015-11-29-123420.png 724w, https:\/\/albertorios.eu\/wp-content\/uploads\/Captura-de-pantalla-de-2015-11-29-123420-300x182.png 300w, https:\/\/albertorios.eu\/wp-content\/uploads\/Captura-de-pantalla-de-2015-11-29-123420-495x300.png 495w\" sizes=\"auto, (max-width: 724px) 100vw, 724px\" \/><\/a><p id=\"caption-attachment-2105\" class=\"wp-caption-text\"><span style=\"color: #000000;\">Figura 2: Proyecciones de demanda de energ\u00eda entre el a\u00f1o 2014-2025.<\/span><\/p><\/div>\n<p class=\"western\" align=\"justify\"><span style=\"font-family: Times New Roman,serif; color: #000000;\"><span style=\"font-size: medium;\"><strong>El fin del petr\u00f3leo en el Per\u00fa<\/strong><b> <\/b><\/span><\/span><\/p>\n<p class=\"western\" align=\"justify\"><span style=\"font-family: Times New Roman,serif; color: #000000;\"><span style=\"font-size: medium;\">Probablemente, el sector del petr\u00f3leo en el Per\u00fa es uno de los temas m\u00e1s complejos de abordar. El discurso vigente, incansable, repite que en el Per\u00fa existen ingentes cantidades de petr\u00f3leo, en una selva virgen, que espera la llegada de los buscadores de oro negro, con sus secuelas de destrucci\u00f3n, contaminaci\u00f3n e indolencia ante los problemas y necesidades de los habitantes de esos territorios.<\/span><\/span><\/p>\n<p class=\"western\" align=\"justify\"><span style=\"font-family: Times New Roman,serif; color: #000000;\"><span style=\"font-size: medium;\">En tanto, que la producci\u00f3n nacional de petr\u00f3leo, que Per\u00faPetro en su portal web publica mensualmente, se reduce inexorablemente. A finales de octubre del presente a\u00f1o, la producci\u00f3n apenas super\u00f3 los 54 mil barriles diarios y el promedio de producci\u00f3n mensual en el Per\u00fa apenas super\u00f3 los 58 mil barriles diarios, figura 3. Nunca en la historia se produjo una reducci\u00f3n tan significativa de la producci\u00f3n de crudo nacional. Una simple comparativa de la evoluci\u00f3n de la producci\u00f3n nacional permite deducir que el Per\u00fa nunca podr\u00e1 satisfacer la creciente demanda de derivados de petr\u00f3leo y que es ineludible abordar un proceso de transformaci\u00f3n del insostenible modelo actual de transporte de personas y mercanc\u00edas. La dependencia del Per\u00fa de los precios internacionales del petr\u00f3leo es tan grave, que en el a\u00f1o 2008, el crecimiento econ\u00f3mico ni siquiera alcanzo el 1%, debido al elevado precio que alcanz\u00f3 el petr\u00f3leo en esos a\u00f1os.<\/span><\/span><\/p>\n<div id=\"attachment_2106\" style=\"width: 772px\" class=\"wp-caption aligncenter\"><a href=\"http:\/\/albertorios.eu\/wp-content\/uploads\/Captura-de-pantalla-de-2015-11-29-123858.png\"><img loading=\"lazy\" decoding=\"async\" aria-describedby=\"caption-attachment-2106\" class=\"wp-image-2106 size-full\" src=\"http:\/\/albertorios.eu\/wp-content\/uploads\/Captura-de-pantalla-de-2015-11-29-123858.png\" alt=\"Captura de pantalla de 2015-11-29 12:38:58\" width=\"762\" height=\"431\" srcset=\"https:\/\/albertorios.eu\/wp-content\/uploads\/Captura-de-pantalla-de-2015-11-29-123858.png 762w, https:\/\/albertorios.eu\/wp-content\/uploads\/Captura-de-pantalla-de-2015-11-29-123858-300x170.png 300w, https:\/\/albertorios.eu\/wp-content\/uploads\/Captura-de-pantalla-de-2015-11-29-123858-500x283.png 500w\" sizes=\"auto, (max-width: 762px) 100vw, 762px\" \/><\/a><p id=\"caption-attachment-2106\" class=\"wp-caption-text\"><span style=\"color: #000000;\">Figura 3: Promedio anual de la producci\u00f3n diaria de crudo entre el a\u00f1o 2005-2015.<\/span><\/p><\/div>\n<p class=\"western\" align=\"justify\"><span style=\"font-family: Times New Roman,serif; color: #000000;\"><span style=\"font-size: medium;\">As\u00ed, las previsiones de evoluci\u00f3n de la producci\u00f3n nacional de crudo no son muy halag\u00fce\u00f1as. No obstante, en las previsiones realizadas en el Plan Energ\u00e9tico Nacional 2014-2025 se observa un paulatino crecimiento de la producci\u00f3n nacional hasta los 160 MBD, en los 5-8 pr\u00f3ximos a\u00f1os, figura 4. La producci\u00f3n nacional no alcanzar\u00e1 a cubrir, por m\u00e1s exploraciones que se realicen en la selva y por m\u00e1s fallidas licitaciones de lotes off-shore, el acelerado crecimiento de la demanda de derivados de petr\u00f3leo prevista para los pr\u00f3ximos a\u00f1os. El fundamentalismo petrolero nacional no entiende que el pico del petr\u00f3leo en el Per\u00fa ocurri\u00f3 en los a\u00f1os 80 y que el yacimiento descubierto mas productivo apenas super\u00f3 los 100 mil barriles diarios, en sus mayores a\u00f1os de producci\u00f3n. Esperanzados en encontrar nuevos yacimientos se destruye de forma desalmada un recurso natural tan valioso y fr\u00e1gil como la biodiversidad de la selva peruana.<\/span><\/span><\/p>\n<div id=\"attachment_2107\" style=\"width: 769px\" class=\"wp-caption aligncenter\"><a href=\"http:\/\/albertorios.eu\/wp-content\/uploads\/Captura-de-pantalla-de-2015-11-29-124039.png\"><img loading=\"lazy\" decoding=\"async\" aria-describedby=\"caption-attachment-2107\" class=\"wp-image-2107 size-full\" src=\"http:\/\/albertorios.eu\/wp-content\/uploads\/Captura-de-pantalla-de-2015-11-29-124039.png\" alt=\"Captura de pantalla de 2015-11-29 12:40:39\" width=\"759\" height=\"350\" srcset=\"https:\/\/albertorios.eu\/wp-content\/uploads\/Captura-de-pantalla-de-2015-11-29-124039.png 759w, https:\/\/albertorios.eu\/wp-content\/uploads\/Captura-de-pantalla-de-2015-11-29-124039-300x138.png 300w, https:\/\/albertorios.eu\/wp-content\/uploads\/Captura-de-pantalla-de-2015-11-29-124039-500x231.png 500w\" sizes=\"auto, (max-width: 759px) 100vw, 759px\" \/><\/a><p id=\"caption-attachment-2107\" class=\"wp-caption-text\"><span style=\"color: #000000;\">Figura 4: Evoluci\u00f3n prevista de la producci\u00f3n nacional de petr\u00f3leo seg\u00fan el MINEM.<\/span><\/p><\/div>\n<p class=\"western\" align=\"justify\"><span style=\"font-family: Times New Roman,serif; color: #000000;\"><span style=\"font-size: medium;\">El Per\u00fa no es un pa\u00eds productor de petr\u00f3leo. La m\u00e1xima producci\u00f3n se alcanz\u00f3 en los a\u00f1os 80 y apenas se superaron los 200 MBD. A pesar de las predicciones y previsiones del Ministerio de Energ\u00eda y Minas y de Per\u00faPetro y de sus deseos de transformar al Per\u00fa en un pa\u00eds exportador de petr\u00f3leo, a\u00f1o a a\u00f1o se comprueba que se incrementa la dependencia externa de crudo asociada a la brecha entre producci\u00f3n y demanda nacional. En un futuro cercano la situaci\u00f3n puede ser realmente angustiosa y condicionar seriamente las actividades econ\u00f3micas del pa\u00eds a una excesiva dependencia de la volatilidad del precio de los derivados del petr\u00f3leo. Mientras la producci\u00f3n de crudo nacional se reduce inexorablemente, la demanda de derivados de petr\u00f3leo se incrementa a un ritmo realmente preocupante. La situaci\u00f3n no es novedosa. La producci\u00f3n del crudo convencional en el Per\u00fa se reduce gradualmente desde el a\u00f1o 1980. 32 a\u00f1os de reducci\u00f3n continua de la producci\u00f3n de petr\u00f3leo en el Per\u00fa no convence a la clase dirigente nacional para iniciar un proceso serio y planificado de transici\u00f3n hacia un modelo energ\u00e9tico desacoplado del petr\u00f3leo.<\/span><\/span><\/p>\n<p class=\"western\" align=\"justify\"><span style=\"color: #000000;\"><span style=\"font-family: Times New Roman,serif;\"><span style=\"font-size: medium;\">La \u00fanica soluci\u00f3n viable para reducir la dependencia del petr\u00f3leo en el sector transporte es iniciar un proceso acelerado de electrificaci\u00f3n del transporte de mercanc\u00edas y de personas, conjuntamente con un pol\u00edtica de desmotivaci\u00f3n del uso del transporte privado (incremento del precio de aparcamiento en las calles, cierre de acceso a centros hist\u00f3ricos, playas de estacionamiento disuasivos en las afueras de la ciudad, aumento de los impuestos por emisiones y por ocupar espacio de las calles) e incentivo al uso de sistemas sostenibles de transporte.<\/span><\/span><\/span><\/p>\n<p class=\"western\" align=\"justify\"><span style=\"color: #000000;\"><span style=\"font-family: Times New Roman,serif;\"><span style=\"font-size: medium;\">La producci\u00f3n de crudo convencional en el Per\u00fa se reduce a\u00f1o a a\u00f1o mientras la demanda se incrementa incesante por el modelo energ\u00e9tico existente en el pa\u00eds. En un horizonte futuro de elevada volatilidad de precios, debido a las tensiones geopol\u00edticas en las principales zonas de producci\u00f3n y al declive de la producci\u00f3n de los denominados super yacimientos, el Per\u00fa debe elaborar con car\u00e1cter de emergencia un plan de desacoplamiento del consumo del petr\u00f3leo en el sector transporte. Los modelos energ\u00e9ticos experimentan un singular proceso de transformaci\u00f3n y el Per\u00fa no debe ser ajeno a ese proceso, puesto que est\u00e1 en juego la sostenibilidad econ\u00f3mica del pa\u00eds y la estabilidad social y pol\u00edtica de sus futuras generaciones.<\/span><\/span><\/span><\/p>\n<!-- AddThis Advanced Settings generic via filter on the_content --><!-- AddThis Share Buttons generic via filter on the_content -->","protected":false},"excerpt":{"rendered":"<p>Actualmente, la econom\u00eda peruana se desenvuelve en un entorno geopol\u00edtico internacional complejo y en un fase de recesi\u00f3n global capitalista. Las proyecciones de crecimiento nacional son periodicamente recortados tanto por organismos financieros nacionales e internacionales y el gobierno nacionalista consume &hellip; <a href=\"https:\/\/albertorios.eu\/?p=2103\">Sigue leyendo <span class=\"meta-nav\">&rarr;<\/span><\/a><!-- AddThis Advanced Settings generic via filter on wp_trim_excerpt --><!-- AddThis Share Buttons generic via filter on wp_trim_excerpt --><\/p>\n","protected":false},"author":1,"featured_media":2108,"comment_status":"closed","ping_status":"open","sticky":false,"template":"","format":"standard","meta":{"footnotes":""},"categories":[6,5],"tags":[],"class_list":["post-2103","post","type-post","status-publish","format-standard","has-post-thumbnail","hentry","category-modelo-energetico","category-petroleo"],"_links":{"self":[{"href":"https:\/\/albertorios.eu\/index.php?rest_route=\/wp\/v2\/posts\/2103","targetHints":{"allow":["GET"]}}],"collection":[{"href":"https:\/\/albertorios.eu\/index.php?rest_route=\/wp\/v2\/posts"}],"about":[{"href":"https:\/\/albertorios.eu\/index.php?rest_route=\/wp\/v2\/types\/post"}],"author":[{"embeddable":true,"href":"https:\/\/albertorios.eu\/index.php?rest_route=\/wp\/v2\/users\/1"}],"replies":[{"embeddable":true,"href":"https:\/\/albertorios.eu\/index.php?rest_route=%2Fwp%2Fv2%2Fcomments&post=2103"}],"version-history":[{"count":1,"href":"https:\/\/albertorios.eu\/index.php?rest_route=\/wp\/v2\/posts\/2103\/revisions"}],"predecessor-version":[{"id":2109,"href":"https:\/\/albertorios.eu\/index.php?rest_route=\/wp\/v2\/posts\/2103\/revisions\/2109"}],"wp:featuredmedia":[{"embeddable":true,"href":"https:\/\/albertorios.eu\/index.php?rest_route=\/wp\/v2\/media\/2108"}],"wp:attachment":[{"href":"https:\/\/albertorios.eu\/index.php?rest_route=%2Fwp%2Fv2%2Fmedia&parent=2103"}],"wp:term":[{"taxonomy":"category","embeddable":true,"href":"https:\/\/albertorios.eu\/index.php?rest_route=%2Fwp%2Fv2%2Fcategories&post=2103"},{"taxonomy":"post_tag","embeddable":true,"href":"https:\/\/albertorios.eu\/index.php?rest_route=%2Fwp%2Fv2%2Ftags&post=2103"}],"curies":[{"name":"wp","href":"https:\/\/api.w.org\/{rel}","templated":true}]}}