{"id":2091,"date":"2015-11-29T18:11:51","date_gmt":"2015-11-29T17:11:51","guid":{"rendered":"http:\/\/albertorios.eu\/?p=2091"},"modified":"2015-11-29T18:11:51","modified_gmt":"2015-11-29T17:11:51","slug":"la-revolucion-fotovoltaica-y-la-democratizacion-electrica","status":"publish","type":"post","link":"https:\/\/albertorios.eu\/?p=2091","title":{"rendered":"LA REVOLUCI\u00d3N FOTOVOLTAICA Y LA DEMOCRATIZACI\u00d3N EL\u00c9CTRICA"},"content":{"rendered":"<p class=\"western\" align=\"justify\"><span style=\"color: #000000;\"><span style=\"font-family: Times New Roman,serif;\"><span style=\"font-size: medium;\">Los sistemas de generaci\u00f3n el\u00e9ctrica se caracterizan por un <\/span><\/span><span style=\"font-family: Times New Roman,serif;\"><span style=\"font-size: medium;\">gran<\/span><\/span><span style=\"font-family: Times New Roman,serif;\"><span style=\"font-size: medium;\"> nivel de concentraci\u00f3n empresarial, estatal o privada, que en muchos casos derivan en una <\/span><\/span><span style=\"font-family: Times New Roman,serif;\"><span style=\"font-size: medium;\">perversa <\/span><\/span><span style=\"font-family: Times New Roman,serif;\"><span style=\"font-size: medium;\">y antidemocr\u00e1tica<\/span><\/span><span style=\"font-family: Times New Roman,serif;\"><span style=\"font-size: medium;\"> concentraci\u00f3n oligop\u00f3lica. <\/span><\/span><span style=\"font-family: Times New Roman,serif;\"><span style=\"font-size: medium;\">En los \u00faltimos a\u00f1os, la dr\u00e1stica reducci\u00f3n del coste de los paneles fotovoltaicos, <\/span><\/span><span style=\"font-family: Times New Roman,serif;\"><span style=\"font-size: medium;\">inversores<\/span><\/span><span style=\"font-family: Times New Roman,serif;\"><span style=\"font-size: medium;\"> y restantes elementos que conforman una instalaci\u00f3n solar fotovoltaica permiten vislumbrar la configuraci\u00f3n de un <\/span><\/span><span style=\"font-family: Times New Roman,serif;\"><span style=\"font-size: medium;\">nuevo <\/span><\/span><span style=\"font-family: Times New Roman,serif;\"><span style=\"font-size: medium;\">sistema el\u00e9ctrico con alta penetraci\u00f3n <\/span><\/span><span style=\"font-family: Times New Roman,serif;\"><span style=\"font-size: medium;\">de una tecnolog\u00eda renovable, dispersa <\/span><\/span><span style=\"font-family: Times New Roman,serif;\"><span style=\"font-size: medium;\">y econ\u00f3micamente muy competitiva<\/span><\/span><span style=\"font-family: Times New Roman,serif;\"><span style=\"font-size: medium;\">. <\/span><\/span><span style=\"font-family: Times New Roman,serif;\"><span style=\"font-size: medium;\">Por otro lado, <\/span><\/span><span style=\"font-family: Times New Roman,serif;\"><span style=\"font-size: medium;\">los reducidos costes de las instalaciones <\/span><\/span><span style=\"font-family: Times New Roman,serif;\"><span style=\"font-size: medium;\">solares <\/span><\/span><span style=\"font-family: Times New Roman,serif;\"><span style=\"font-size: medium;\">frente al constante incremento de los precios de la electricidad desvelan una oportunidad de ahorro <\/span><\/span><span style=\"font-family: Times New Roman,serif;\"><span style=\"font-size: medium;\">en la factura de<\/span><\/span><span style=\"font-family: Times New Roman,serif;\"><span style=\"font-size: medium;\"> los usuarios y la apertura de un proceso de democratizaci\u00f3<\/span><\/span><span style=\"font-family: Times New Roman,serif;\"><span style=\"font-size: medium;\">n en la propiedad de los sistemas de generaci\u00f3n el\u00e9ctrica<\/span><\/span><span style=\"font-family: Times New Roman,serif;\"><span style=\"font-size: medium;\">, nunca antes imaginados. <\/span><\/span><span style=\"font-family: Times New Roman,serif;\"><span style=\"font-size: medium;\">Una verdadera revoluci\u00f3n por el cambio de paradigma que implica la masiva instalaci\u00f3n de sistemas fotovoltaicos en el sector residencial. <\/span><\/span><\/span><\/p>\n<p class=\"western\" align=\"justify\"><!--more--><\/p>\n<p class=\"western\" align=\"justify\"><strong><span style=\"font-family: Times New Roman,serif;\"><span style=\"font-size: medium;\">Evoluci\u00f3n de los precios fotovoltaicos<\/span><\/span><\/strong><b> <\/b><b> <\/b><\/p>\n<p class=\"western\" align=\"justify\"><span style=\"font-family: Times New Roman,serif; color: #000000;\"><span style=\"font-size: medium;\">En febrero del a\u00f1o 2015, el Instituto Fraunhofer de Sistemas de Energ\u00eda Solar, present\u00f3 el informe \u201cCurrent and Future Cost of Photovoltaics\u201d. En el mencionado informe se presenta la evoluci\u00f3n de los precios de los principales elementos que conforman una instalaci\u00f3n fotovoltaica. As\u00ed, en la figura 1, se observa la evoluci\u00f3n de los precios de los paneles fotovoltaicos entre el a\u00f1o 1980 y el a\u00f1o 2014. En el a\u00f1o 1980, el precio por Wp superaba ligeramente los 20 \u20acuros. En el a\u00f1o 2014, el precio se redujo a un valor entre 60-70 c\u20ac\/Wp. En el a\u00f1o 2013, la capacidad fotovoltaica instalada en el mundo alcanz\u00f3 los 139 GW. En el a\u00f1o 2014, la potencia instalada en sistemas fotovoltaicos super\u00f3 los 178 GW. Se espera que el a\u00f1o 2015 se instalen 55 GW de nuevas instalaciones solares. En 24 a\u00f1os de vertiginoso crecimiento de la industria fotovoltaica, la curva de aprendizaje en la instalaci\u00f3n de sistemas fotovoltaicos ha permitido una reducci\u00f3n promedio del 20% cada vez que se duplicaba la potencia fotovoltaica instalada. Se estima un precio por Wp que podr\u00eda oscilar entre 30-40 c\u20ac\/Wp, cuando se alcance una potencia fotovoltaica acumulada de 5000 GW. Es importante indicar que algunos fabricantes chinos de m\u00f3dulos fotovoltaicos presentaron precios por debajo 40 c\u20ac\/Wp en el a\u00f1o 2014 y pretenden obtener significativas reducciones de precios en el futuro.<\/span><\/span><\/p>\n<div id=\"attachment_2095\" style=\"width: 830px\" class=\"wp-caption alignnone\"><a href=\"http:\/\/albertorios.eu\/wp-content\/uploads\/Captura-de-pantalla-de-2015-11-29-115205.png\"><img loading=\"lazy\" decoding=\"async\" aria-describedby=\"caption-attachment-2095\" class=\"wp-image-2095 size-full\" src=\"http:\/\/albertorios.eu\/wp-content\/uploads\/Captura-de-pantalla-de-2015-11-29-115205.png\" alt=\"Captura de pantalla de 2015-11-29 11:52:05\" width=\"820\" height=\"321\" srcset=\"https:\/\/albertorios.eu\/wp-content\/uploads\/Captura-de-pantalla-de-2015-11-29-115205.png 820w, https:\/\/albertorios.eu\/wp-content\/uploads\/Captura-de-pantalla-de-2015-11-29-115205-300x117.png 300w, https:\/\/albertorios.eu\/wp-content\/uploads\/Captura-de-pantalla-de-2015-11-29-115205-500x196.png 500w\" sizes=\"auto, (max-width: 820px) 100vw, 820px\" \/><\/a><p id=\"caption-attachment-2095\" class=\"wp-caption-text\"><span style=\"color: #000000;\">Figura 1: Evoluci\u00f3n de los precios de los m\u00f3dulos fotovoltaicos entre los a\u00f1os 1980 y 2014.<\/span><\/p><\/div>\n<p class=\"western\" align=\"justify\"><span style=\"color: #000000;\"><span style=\"font-family: Times New Roman,serif;\"><span style=\"font-size: medium;\">Asimismo, en la figura 1, se presentan escenarios conservadores y optimistas <\/span><\/span><span style=\"font-family: Times New Roman,serif;\"><span style=\"font-size: medium;\">en relaci\u00f3n a<\/span><\/span> <span style=\"font-family: Times New Roman,serif;\"><span style=\"font-size: medium;\">una <\/span><\/span><span style=\"font-family: Times New Roman,serif;\"><span style=\"font-size: medium;\">reducci\u00f3n <\/span><\/span><span style=\"font-family: Times New Roman,serif;\"><span style=\"font-size: medium;\">adicional<\/span><\/span><span style=\"font-family: Times New Roman,serif;\"><span style=\"font-size: medium;\"> del precio por kWp <\/span><\/span><span style=\"font-family: Times New Roman,serif;\"><span style=\"font-size: medium;\">fotovoltaico<\/span><\/span> <span style=\"font-family: Times New Roman,serif;\"><span style=\"font-size: medium;\">hacia<\/span><\/span><span style=\"font-family: Times New Roman,serif;\"><span style=\"font-size: medium;\"> el a\u00f1o 2050. <\/span><\/span><span style=\"font-family: Times New Roman,serif;\"><span style=\"font-size: medium;\">E<\/span><\/span><span style=\"font-family: Times New Roman,serif;\"><span style=\"font-size: medium;\">n el a\u00f1o 2050, <\/span><\/span><span style=\"font-family: Times New Roman,serif;\"><span style=\"font-size: medium;\">para los diferentes escenarios propuestos, <\/span><\/span><span style=\"font-family: Times New Roman,serif;\"><span style=\"font-size: medium;\">se estima que <\/span><\/span><span style=\"font-family: Times New Roman,serif;\"><span style=\"font-size: medium;\">los precios de los m\u00f3dulos fotovoltaicos podr\u00edan oscilar entre 140-360 \u20ac\/kWp.<\/span><\/span><\/span><\/p>\n<p class=\"western\" align=\"justify\"><span style=\"color: #000000;\"><span style=\"font-family: Times New Roman,serif;\"><span style=\"font-size: medium;\">Los inversores fotovoltaicos tambi\u00e9n han experimentado una significativa reducci\u00f3n en sus precios entre los a\u00f1os 1980 y 2013, <\/span><\/span><span style=\"font-family: Times New Roman,serif;\"><span style=\"font-size: medium;\">pasando de 1,5 \u20ac\/Wp a 15 c\u20ac\/Wp, respectivamente, <\/span><\/span><span style=\"font-family: Times New Roman,serif;\"><span style=\"font-size: medium;\">figura 2<\/span><\/span><span style=\"font-family: Times New Roman,serif;\"><span style=\"font-size: medium;\">. <\/span><\/span><span style=\"font-family: Times New Roman,serif;\"><span style=\"font-size: medium;\">En el a\u00f1o 2050, los diferentes escenarios propuestos <\/span><\/span><span style=\"font-family: Times New Roman,serif;\"><span style=\"font-size: medium;\">consideran que<\/span><\/span> <span style=\"font-family: Times New Roman,serif;\"><span style=\"font-size: medium;\">el<\/span><\/span><span style=\"font-family: Times New Roman,serif;\"><span style=\"font-size: medium;\"> precio de los inversores <\/span><\/span><span style=\"font-family: Times New Roman,serif;\"><span style=\"font-size: medium;\">podr\u00eda oscilar <\/span><\/span><span style=\"font-family: Times New Roman,serif;\"><span style=\"font-size: medium;\">entre <\/span><\/span><span style=\"font-family: Times New Roman,serif;\"><span style=\"font-size: medium;\">los <\/span><\/span><span style=\"font-family: Times New Roman,serif;\"><span style=\"font-size: medium;\">20-40 \u20ac\/kWp. <\/span><\/span><\/span><\/p>\n<div id=\"attachment_2096\" style=\"width: 831px\" class=\"wp-caption aligncenter\"><a href=\"http:\/\/albertorios.eu\/wp-content\/uploads\/Captura-de-pantalla-de-2015-11-29-115734.png\"><img loading=\"lazy\" decoding=\"async\" aria-describedby=\"caption-attachment-2096\" class=\"wp-image-2096 size-full\" src=\"http:\/\/albertorios.eu\/wp-content\/uploads\/Captura-de-pantalla-de-2015-11-29-115734.png\" alt=\"Captura de pantalla de 2015-11-29 11:57:34\" width=\"821\" height=\"335\" srcset=\"https:\/\/albertorios.eu\/wp-content\/uploads\/Captura-de-pantalla-de-2015-11-29-115734.png 821w, https:\/\/albertorios.eu\/wp-content\/uploads\/Captura-de-pantalla-de-2015-11-29-115734-300x122.png 300w, https:\/\/albertorios.eu\/wp-content\/uploads\/Captura-de-pantalla-de-2015-11-29-115734-500x204.png 500w\" sizes=\"auto, (max-width: 821px) 100vw, 821px\" \/><\/a><p id=\"caption-attachment-2096\" class=\"wp-caption-text\"><span style=\"color: #000000;\">Figura 2: Evoluci\u00f3n de los precios de los inversores fotovoltaicos entre los a\u00f1os 1980 y 2014.<\/span><\/p><\/div>\n<p class=\"western\" align=\"justify\"><span style=\"color: #000000;\"><span style=\"font-family: Times New Roman,serif;\"><span style=\"font-size: medium;\">La reducci\u00f3n de los precios de m\u00f3dulos e inversores fotovoltaicos repercute en la reducci\u00f3n de precios de las instalaciones fotovoltaicas por potencia instalada<\/span><\/span><span style=\"font-family: Times New Roman,serif;\"><span style=\"font-size: medium;\">. <\/span><\/span><span style=\"font-family: Times New Roman,serif;\"><span style=\"font-size: medium;\">En la figura 3, se <\/span><\/span><span style=\"font-family: Times New Roman,serif;\"><span style=\"font-size: medium;\">observa el precio total de las instalaciones residenciales conectad<\/span><\/span><span style=\"font-family: Times New Roman,serif;\"><span style=\"font-size: medium;\">a<\/span><\/span><span style=\"font-family: Times New Roman,serif;\"><span style=\"font-size: medium;\">s a la red <\/span><\/span><span style=\"font-family: Times New Roman,serif;\"><span style=\"font-size: medium;\">convencional<\/span><\/span><span style=\"font-family: Times New Roman,serif;\"><span style=\"font-size: medium;\"> para diferentes pa\u00edses del mundo. <\/span><\/span><span style=\"font-family: Times New Roman,serif;\"><span style=\"font-size: medium;\">A mediados del a\u00f1o 2014, el precio del kW de potencia fotovoltaica instalada oscil<\/span><\/span><span style=\"font-family: Times New Roman,serif;\"><span style=\"font-size: medium;\">\u00f3<\/span><\/span><span style=\"font-family: Times New Roman,serif;\"><span style=\"font-size: medium;\"> entre <\/span><\/span><span style=\"font-family: Times New Roman,serif;\"><span style=\"font-size: medium;\">los <\/span><\/span><span style=\"font-family: Times New Roman,serif;\"><span style=\"font-size: medium;\">2000 y 6000 d\u00f3lares <\/span><\/span><span style=\"font-family: Times New Roman,serif;\"><span style=\"font-size: medium;\">americanos<\/span><\/span><span style=\"font-family: Times New Roman,serif;\"><span style=\"font-size: medium;\">. En pa\u00edses como China y Alemania <\/span><\/span><span style=\"font-family: Times New Roman,serif;\"><span style=\"font-size: medium;\">se observa<\/span><\/span><span style=\"font-family: Times New Roman,serif;\"><span style=\"font-size: medium;\"> precios de instalaci\u00f3n de sistemas fotovoltaicos residenciales cercanos a los 2000$\/kW.<\/span><\/span><\/span><\/p>\n<div id=\"attachment_2097\" style=\"width: 837px\" class=\"wp-caption aligncenter\"><a href=\"http:\/\/albertorios.eu\/wp-content\/uploads\/Captura-de-pantalla-de-2015-11-29-120007.png\"><img loading=\"lazy\" decoding=\"async\" aria-describedby=\"caption-attachment-2097\" class=\"wp-image-2097 size-full\" src=\"http:\/\/albertorios.eu\/wp-content\/uploads\/Captura-de-pantalla-de-2015-11-29-120007.png\" alt=\"Captura de pantalla de 2015-11-29 12:00:07\" width=\"827\" height=\"403\" srcset=\"https:\/\/albertorios.eu\/wp-content\/uploads\/Captura-de-pantalla-de-2015-11-29-120007.png 827w, https:\/\/albertorios.eu\/wp-content\/uploads\/Captura-de-pantalla-de-2015-11-29-120007-300x146.png 300w, https:\/\/albertorios.eu\/wp-content\/uploads\/Captura-de-pantalla-de-2015-11-29-120007-500x244.png 500w\" sizes=\"auto, (max-width: 827px) 100vw, 827px\" \/><\/a><p id=\"caption-attachment-2097\" class=\"wp-caption-text\"><span style=\"color: #000000;\">Figura 3: Evoluci\u00f3n del precio del kW instalado en sistemas fotovoltaicos residenciales, 2006-2014.<\/span><\/p><\/div>\n<p class=\"western\" align=\"justify\"><strong><span style=\"font-family: Times New Roman,serif; color: #000000;\"><span style=\"font-size: medium;\">Precio de paridad fotovoltaica<\/span><\/span><\/strong><\/p>\n<p class=\"western\" align=\"justify\"><span style=\"color: #000000;\"><span style=\"font-family: Times New Roman,serif;\"><span style=\"font-size: medium;\">E<\/span><\/span><span style=\"font-family: Times New Roman,serif;\"><span style=\"font-size: medium;\">n <\/span><\/span><span style=\"font-family: Times New Roman,serif;\"><span style=\"font-size: medium;\">los \u00faltimos a\u00f1os, debido al importante incremento de las instalaciones fotovoltaicas residenciales, se ha introducido el concepto de precio de paridad con la red el\u00e9ctrica. Es decir, producir energ\u00eda el\u00e9ctrica fotovoltaica en los tejados de las viviendas es igual o m\u00e1s barato que el precio de la electricidad para los usuarios residenciales. <\/span><\/span><span style=\"font-family: Times New Roman,serif;\"><span style=\"font-size: medium;\">Pa\u00edses como Alemania, Estados Unidos, Australia, Espa\u00f1a e Italia han alcanzado el precio de paridad y decenas de pa\u00edses m\u00e1s est\u00e1n muy cerca de alcanzar el precio de paridad con la red.<\/span><\/span><\/span><\/p>\n<p class=\"western\" align=\"justify\"><span style=\"color: #000000;\"><span style=\"font-family: Times New Roman,serif;\"><span style=\"font-size: medium;\">En la figura 4, se observa la evoluci\u00f3n de <\/span><\/span><span style=\"font-family: Times New Roman,serif;\"><span style=\"font-size: medium;\">los precios de la energ\u00eda fotovoltaica en instalaciones residenciales <\/span><\/span><span style=\"font-family: Times New Roman,serif;\"><span style=\"font-size: medium;\">de<\/span><\/span><span style=\"font-family: Times New Roman,serif;\"><span style=\"font-size: medium;\"> di<\/span><\/span><span style=\"font-family: Times New Roman,serif;\"><span style=\"font-size: medium;\">ferentes<\/span><\/span><span style=\"font-family: Times New Roman,serif;\"><span style=\"font-size: medium;\"> pa\u00edses del mundo. China, Australia, Alemania y California presentan precios alrededor de los 200 USD\/kWh.<\/span><\/span> <span style=\"font-family: Times New Roman,serif;\"><span style=\"font-size: medium;\">En muchos pa\u00edses, los precios de producci\u00f3n de energ\u00eda fotovoltaica son bastante competitivos con los precios de las tarifas el\u00e9ctricas residenciales. En Baviera, Alemania, los precios de las tarifas reguladas para los usuarios residenciales son superiores a los precios de producci\u00f3n de electricidad en las instalaciones dom\u00e9sticas. Por tanto, es m\u00e1s barato producir energ\u00eda el\u00e9ctrica en los tejados alemanes que pagar las cada vez m\u00e1s caras tarifas el\u00e9ctricas, figura 5.<\/span><\/span><\/span><\/p>\n<div id=\"attachment_2099\" style=\"width: 806px\" class=\"wp-caption aligncenter\"><a href=\"http:\/\/albertorios.eu\/wp-content\/uploads\/Captura-de-pantalla-de-2015-11-29-1201501.png\"><img loading=\"lazy\" decoding=\"async\" aria-describedby=\"caption-attachment-2099\" class=\"wp-image-2099 size-full\" src=\"http:\/\/albertorios.eu\/wp-content\/uploads\/Captura-de-pantalla-de-2015-11-29-1201501.png\" alt=\"Captura de pantalla de 2015-11-29 12:01:50\" width=\"796\" height=\"444\" srcset=\"https:\/\/albertorios.eu\/wp-content\/uploads\/Captura-de-pantalla-de-2015-11-29-1201501.png 796w, https:\/\/albertorios.eu\/wp-content\/uploads\/Captura-de-pantalla-de-2015-11-29-1201501-300x167.png 300w, https:\/\/albertorios.eu\/wp-content\/uploads\/Captura-de-pantalla-de-2015-11-29-1201501-500x279.png 500w\" sizes=\"auto, (max-width: 796px) 100vw, 796px\" \/><\/a><p id=\"caption-attachment-2099\" class=\"wp-caption-text\"><span style=\"color: #000000;\">Figura 4: Evoluci\u00f3n del precio del kWh en sistemas fotovoltaicos residenciales, 2006-2014.<\/span><\/p><\/div>\n<p class=\"western\" align=\"justify\"><span style=\"color: #000000;\">En Baviera, los precios de las tarifas el\u00e9ctricas para usuarios residenciales han pasado de valores m\u00ednimos y m\u00e1ximos de 13 y 17 c\u20ac\/kWh, respectivamente, en el a\u00f1o 2009, a 22 y 30 c\u20ac\/kWh, en el a\u00f1o 2014, figura 5. En ese mismo periodo, los precios nivelados de producci\u00f3n el\u00e9ctrica en instalaciones fotovoltaicas residenciales se redujeron de valores m\u00e1ximos y m\u00ednimos de 34 y 44 c\u20ac\/kWh, respectivamente, en el a\u00f1o 2009, a 21 y 17 c\u20ac\/kWh, en el a\u00f1o 2014. En Alemania, se estima que los precios de las tarifas residenciales se incrementaran en los pr\u00f3ximos a\u00f1os, mientras que los valores de los precios de producci\u00f3n el\u00e9ctrica fotovoltaica se reducir\u00e1n constantemente, debido a la reducci\u00f3n de los m\u00f3dulos e inversores fotovoltaicos y dem\u00e1s elementos de las instalaciones solares fotovoltaicas. La revoluci\u00f3n fotovoltaica ha llegado a los usuarios residenciales alemanes, propietarios de su propia producci\u00f3n solar el\u00e9ctrica<span style=\"font-family: Times New Roman,serif;\"><span style=\"font-size: medium;\">.<\/span><\/span><\/span><\/p>\n<div id=\"attachment_2100\" style=\"width: 753px\" class=\"wp-caption aligncenter\"><a href=\"http:\/\/albertorios.eu\/wp-content\/uploads\/Captura-de-pantalla-de-2015-11-29-120727.png\"><img loading=\"lazy\" decoding=\"async\" aria-describedby=\"caption-attachment-2100\" class=\"wp-image-2100 size-full\" src=\"http:\/\/albertorios.eu\/wp-content\/uploads\/Captura-de-pantalla-de-2015-11-29-120727.png\" alt=\"Captura de pantalla de 2015-11-29 12:07:27\" width=\"743\" height=\"326\" srcset=\"https:\/\/albertorios.eu\/wp-content\/uploads\/Captura-de-pantalla-de-2015-11-29-120727.png 743w, https:\/\/albertorios.eu\/wp-content\/uploads\/Captura-de-pantalla-de-2015-11-29-120727-300x132.png 300w, https:\/\/albertorios.eu\/wp-content\/uploads\/Captura-de-pantalla-de-2015-11-29-120727-500x219.png 500w\" sizes=\"auto, (max-width: 743px) 100vw, 743px\" \/><\/a><p id=\"caption-attachment-2100\" class=\"wp-caption-text\"><span style=\"color: #000000;\">Figura 5: Evoluci\u00f3n del precio del kWh en sistemas fotovoltaicos residenciales, 2006-2014.<\/span><\/p><\/div>\n<p><strong style=\"font-family: Times New Roman,serif;\"><span style=\"font-size: medium; color: #000000;\"><span style=\"font-family: Times New Roman,serif;\">E<\/span><span style=\"font-family: Times New Roman,serif;\">n puertas de la revoluci\u00f3n fotovoltaica<\/span><\/span><\/strong><\/p>\n<p class=\"western\" align=\"justify\"><span style=\"color: #000000;\"><span style=\"font-family: Times New Roman,serif;\"><span style=\"font-size: medium;\">La <\/span><\/span><span style=\"font-family: Times New Roman,serif;\"><span style=\"font-size: medium;\">revoluci\u00f3n de la tecnolog\u00eda fotovoltaica implicar\u00e1 no s\u00f3lo la transformaci\u00f3n de los procedimientos de control y operaci\u00f3n de los sistemas el\u00e9ctricos convencionales, adem\u00e1s, transformar\u00e1 el concepto de propiedad de los sistemas de generaci\u00f3n. Los usuarios residenciales, con las correspondientes ayudas econ\u00f3micas y un entorno normativo adecuado, podr\u00e1n realizar inversiones en instalaciones el\u00e9ctricas de baja tensi\u00f3n, conectadas muy cercas de las cargas, que reducir\u00e1n las p\u00e9rdidas en los sistemas de distribuci\u00f3n<\/span><\/span><span style=\"font-family: Times New Roman,serif;\"><span style=\"font-size: medium;\">. <\/span><\/span><span style=\"font-family: Times New Roman,serif;\"><span style=\"font-size: medium;\">Los usuarios residenciales podr\u00e1n obtener importantes ahorros en la factura el\u00e9ctrica, convirti\u00e9ndose en participantes activos en la operaci\u00f3n de los sistemas de distribuci\u00f3n el\u00e9ctrica.<\/span><\/span><\/span><\/p>\n<p class=\"western\" align=\"justify\"><span style=\"color: #000000;\"><span style=\"font-family: Times New Roman,serif;\"><span style=\"font-size: medium;\">E<\/span><\/span><span style=\"font-family: Times New Roman,serif;\"><span style=\"font-size: medium;\">n un futuro no muy lejano, las instalaciones fotovoltaicas residenciales con sistemas de almacenamiento podr\u00e1n integrarse en los sistemas el\u00e9ctricos convencionales. Asimismo, los usuarios comerciales e industriales podr\u00e1n acceder a una tecnolog\u00eda <\/span><\/span><span style=\"font-family: Times New Roman,serif;\"><span style=\"font-size: medium;\">renovable <\/span><\/span><span style=\"font-family: Times New Roman,serif;\"><span style=\"font-size: medium;\">que <\/span><\/span><span style=\"font-family: Times New Roman,serif;\"><span style=\"font-size: medium;\">proporcionar\u00e1 una<\/span><\/span> <span style=\"font-family: Times New Roman,serif;\"><span style=\"font-size: medium;\">producci\u00f3n de <\/span><\/span><span style=\"font-family: Times New Roman,serif;\"><span style=\"font-size: medium;\">energ\u00eda el\u00e9ctrica <\/span><\/span><span style=\"font-family: Times New Roman,serif;\"><span style=\"font-size: medium;\">competitiva, limpia y aut\u00f3ctona<\/span><\/span><span style=\"font-family: Times New Roman,serif;\"><span style=\"font-size: medium;\">. Las empresas el\u00e9ctricas de generaci\u00f3n y distribuci\u00f3n el\u00e9ctrica deber\u00e1n adaptarse a las nuevas condiciones de la tecnolog\u00eda solar fotovoltaica. <\/span><\/span><span style=\"font-family: Times New Roman,serif;\"><span style=\"font-size: medium;\">Un nuevo competidor ha llegado para revolucionar el sector el\u00e9ctrico<\/span><\/span><\/span><span style=\"font-family: Times New Roman,serif;\"><span style=\"font-size: medium;\">.<\/span><\/span><\/p>\n<!-- AddThis Advanced Settings generic via filter on the_content --><!-- AddThis Share Buttons generic via filter on the_content -->","protected":false},"excerpt":{"rendered":"<p>Los sistemas de generaci\u00f3n el\u00e9ctrica se caracterizan por un gran nivel de concentraci\u00f3n empresarial, estatal o privada, que en muchos casos derivan en una perversa y antidemocr\u00e1tica concentraci\u00f3n oligop\u00f3lica. En los \u00faltimos a\u00f1os, la dr\u00e1stica reducci\u00f3n del coste de los &hellip; <a href=\"https:\/\/albertorios.eu\/?p=2091\">Sigue leyendo <span class=\"meta-nav\">&rarr;<\/span><\/a><!-- AddThis Advanced Settings generic via filter on wp_trim_excerpt --><!-- AddThis Share Buttons generic via filter on wp_trim_excerpt --><\/p>\n","protected":false},"author":1,"featured_media":2101,"comment_status":"closed","ping_status":"open","sticky":false,"template":"","format":"standard","meta":{"footnotes":""},"categories":[7,6,1],"tags":[],"class_list":["post-2091","post","type-post","status-publish","format-standard","has-post-thumbnail","hentry","category-energias-renovables","category-modelo-energetico","category-sector-electrico"],"_links":{"self":[{"href":"https:\/\/albertorios.eu\/index.php?rest_route=\/wp\/v2\/posts\/2091","targetHints":{"allow":["GET"]}}],"collection":[{"href":"https:\/\/albertorios.eu\/index.php?rest_route=\/wp\/v2\/posts"}],"about":[{"href":"https:\/\/albertorios.eu\/index.php?rest_route=\/wp\/v2\/types\/post"}],"author":[{"embeddable":true,"href":"https:\/\/albertorios.eu\/index.php?rest_route=\/wp\/v2\/users\/1"}],"replies":[{"embeddable":true,"href":"https:\/\/albertorios.eu\/index.php?rest_route=%2Fwp%2Fv2%2Fcomments&post=2091"}],"version-history":[{"count":1,"href":"https:\/\/albertorios.eu\/index.php?rest_route=\/wp\/v2\/posts\/2091\/revisions"}],"predecessor-version":[{"id":2102,"href":"https:\/\/albertorios.eu\/index.php?rest_route=\/wp\/v2\/posts\/2091\/revisions\/2102"}],"wp:featuredmedia":[{"embeddable":true,"href":"https:\/\/albertorios.eu\/index.php?rest_route=\/wp\/v2\/media\/2101"}],"wp:attachment":[{"href":"https:\/\/albertorios.eu\/index.php?rest_route=%2Fwp%2Fv2%2Fmedia&parent=2091"}],"wp:term":[{"taxonomy":"category","embeddable":true,"href":"https:\/\/albertorios.eu\/index.php?rest_route=%2Fwp%2Fv2%2Fcategories&post=2091"},{"taxonomy":"post_tag","embeddable":true,"href":"https:\/\/albertorios.eu\/index.php?rest_route=%2Fwp%2Fv2%2Ftags&post=2091"}],"curies":[{"name":"wp","href":"https:\/\/api.w.org\/{rel}","templated":true}]}}