{"id":1954,"date":"2014-12-21T03:32:46","date_gmt":"2014-12-21T02:32:46","guid":{"rendered":"http:\/\/albertorios.eu\/?p=1954"},"modified":"2014-12-21T04:03:16","modified_gmt":"2014-12-21T03:03:16","slug":"la-irracionalidad-del-mercado-electrico-espanol","status":"publish","type":"post","link":"https:\/\/albertorios.eu\/?p=1954","title":{"rendered":"LA IRRACIONALIDAD DEL MERCADO EL\u00c9CTRICO ESPA\u00d1OL"},"content":{"rendered":"<p class=\"western\" lang=\"es-ES\" align=\"justify\"><span style=\"font-size: small; color: #000000;\">En Espa\u00f1a, en noviembre del a\u00f1o 1997, durante el primer gobierno de Jos\u00e9 Mar\u00eda Aznar, se promulg\u00f3 la Ley 54\/1997 tambi\u00e9n conocida como Ley del Sector El\u00e9ctrico. La mencionada ley aval\u00f3 la creaci\u00f3n de un mercado el\u00e9ctrico y el funcionamiento de un sistema de regulaci\u00f3n con el objetivo primordial de garantizar un suministro el\u00e9ctrico al menor coste posible. 17 a\u00f1os despu\u00e9s en Espa\u00f1a, los espa\u00f1oles pagan el tercer precio de electricidad m\u00e1s caro de Europa, despu\u00e9s de las islas de Malta y Chipre. El sistema el\u00e9ctrico espa\u00f1ol presenta un exceso de potencia instalada en ciclos combinados e inexplicables sobreganancias al precio de la energ\u00eda proporcionada por la centrales nucleares e hidroel\u00e9ctricas, ya m\u00e1s que amortizadas. La irracionalidad del mercado el\u00e9ctrico espa\u00f1ol pretende trasladar los errores y horrores de un modelo neoliberal desquiciado y fundamentalista a los indefensos usuarios en connivencia con un Estado funcional a las grandes corporaciones y lobbys el\u00e9ctricos, autista, corrupto y distanciado de las exigencias y sufrimientos de amplias sectores de la poblaci\u00f3n espa\u00f1ola.<\/span><\/p>\n<p class=\"western\" lang=\"es-ES\" align=\"justify\"><!--more--><\/p>\n<p class=\"western\" lang=\"es-ES\" align=\"justify\"><span style=\"color: #000000;\"><strong><span style=\"font-size: small;\">Cr\u00f3nica de una Estafa <\/span><span style=\"font-size: small;\">Consumada<\/span><\/strong><\/span><b> <\/b><\/p>\n<p class=\"western\" lang=\"es-ES\" align=\"justify\"><span style=\"font-size: small; color: #000000;\">En 1997, en plena expansi\u00f3n neoliberal, el gobierno de Espa\u00f1a decidi\u00f3 liberalizar el mercado el\u00e9ctrico. Las mismas excusas y estereotipos de siempre: ineficiente gesti\u00f3n estatal, injustificables subvenciones, distorsi\u00f3n de precios, instauraci\u00f3n de un sistema competitivo y la elevaci\u00f3n de la eficiencia de sistema el\u00e9ctrico. Esas inofensivas intenciones escond\u00edan los verdaderos objetivos de los grupos de poder econ\u00f3micos espa\u00f1oles, que financiaban a los partidos pol\u00edticos hegem\u00f3nicos de entonces: desplazar al Estado de la potestad de planificaci\u00f3n del sistema el\u00e9ctrico y capacidad de decisi\u00f3n en un sector estrat\u00e9gico, as\u00ed como transformar el inalienable derecho a la energ\u00eda en un servicio mercantilizado, sometido a los caprichosos intereses de grupos oligop\u00f3licos, que acrecentaban su poder e influencia ante el resto de la sociedad. Asimismo, la privatizaci\u00f3n de ENDESA, la mayor empresa el\u00e9ctrica espa\u00f1ola, permiti\u00f3 a algunos grupos econ\u00f3micos apoderarse de instalaciones el\u00e9ctricas, construidas con inversiones p\u00fablicas: centrales nucleares, t\u00e9rmicas de carb\u00f3n y grandes hidroel\u00e9ctricas. Un traspaso de propiedad que no fue consultada por el resto de la sociedad espa\u00f1ola.\u00a0\u00a0 <\/span><\/p>\n<p class=\"western\" lang=\"es-ES\" align=\"justify\"><span style=\"color: #000000;\"><span style=\"font-size: small;\">El mercado el\u00e9ctrico espa\u00f1ol entraba en funcionamiento con serias deficiencias innatas y heredadas. 17 a\u00f1os despu\u00e9s, la regulaci\u00f3n del sector el\u00e9ctrico no ha podido evitar que la tendencia natural en incrementar beneficios econ\u00f3micos de los grupos oligop\u00f3licos el\u00e9ctricos se anteponga al inter\u00e9s com\u00fan en garantizar un derecho fundamental de las personas, inalienable e impostergable: el acceso de la energ\u00eda. Entre tanto, en enero del a\u00f1o 2011, ENDESA contrataba a Jos\u00e9 Mar\u00eda Aznar como asesor externo con un sueldo anual de 200 mil \u20acuros. La teor\u00eda de las puertas giratorias en pleno apogeo se manifiesta insultante en la Espa\u00f1a de 6 millones de parados sin futuro y sin suculentos sueldos. E<\/span><span style=\"font-size: small;\">n Espa\u00f1a, existe pobreza energ\u00e9tica, definida como la incapacidad de un hogar satisfacer un m\u00ednimo de servicios energ\u00e9ticos para cubrir sus necesidades b\u00e1sicas. Seg\u00fan la Comisi\u00f3n Nacional de la Energ\u00eda, el 5% de la poblaci\u00f3n ha tenido problemas para pagar los recibos de la luz en el a\u00f1o 2012 y a 1,4 millones de viviendas se les cort\u00f3 el servicio de electricidad. En ese contexto, los oligopolios el\u00e9ctricos exigen el pago de 30.000 millones de \u20acuros por d\u00e9ficit tarifario, un equivalente a 600 \u20acuros por habitante.<\/span><\/span><\/p>\n<p class=\"western\" lang=\"es-ES\" align=\"justify\"><span style=\"font-size: small; color: #000000;\">Dentro del esquema de liberaci\u00f3n del mercado el\u00e9ctrico, en el a\u00f1o 1997, se crearon los Costes de Transici\u00f3n a la Competencia, CTCs. Una mecanismo de compensaci\u00f3n a las empresas el\u00e9ctricas, que a trav\u00e9s de una retribuci\u00f3n adecuada, garantizar\u00eda el retorno de la inversi\u00f3n realizada en el per\u00edodo anterior a la liberalizaci\u00f3n del mercado el\u00e9ctrico. El Estado garantiz\u00f3 a las compa\u00f1\u00edas el\u00e9ctricas una compensaci\u00f3n durante 10 a\u00f1os hasta los 36 \u20ac\/MWh, siempre que el mercado marcase un precio inferior, por un monto no superior a los 10.200 millones de \u20acuros. <\/span><\/p>\n<p class=\"western\" lang=\"es-ES\" align=\"justify\"><span style=\"font-size: small; color: #000000;\">La introducci\u00f3n del mercado el\u00e9ctrico espa\u00f1ol ha favorecido uno de los mayores trasvases de dinero p\u00fablico, tanto desde el Estado como desde los usuarios, hacia un grupo oligop\u00f3lico de gran poder econ\u00f3mico. En resumen, el mercado el\u00e9ctrico espa\u00f1ol se ha caracterizado por: <\/span><\/p>\n<ul>\n<li>\n<p class=\"western\" lang=\"es-ES\" align=\"justify\"><span style=\"font-size: small; color: #000000;\">Apropiaci\u00f3n ilegitima de infraestructuras el\u00e9ctricas construidas con dinero p\u00fablico, sin expresa y manifiesta aprobaci\u00f3n de la poblaci\u00f3n espa\u00f1ola a trav\u00e9s de un refer\u00e9ndum explicito y vinculante.<\/span><\/p>\n<\/li>\n<li>\n<p class=\"western\" lang=\"es-ES\" align=\"justify\"><span style=\"font-size: small; color: #000000;\">Asignaci\u00f3n de una retribuci\u00f3n econ\u00f3mica exagerada e injustificada a las el\u00e9ctricas por los denominados Costes de Compensaci\u00f3n a la Transici\u00f3n, CTC. El gobierno de Espa\u00f1a no ha reclamado el exceso de retribuci\u00f3n pagado a las empresas el\u00e9ctricas. <\/span><\/p>\n<\/li>\n<li>\n<p class=\"western\" lang=\"es-ES\" align=\"justify\"><span style=\"font-size: small; color: #000000;\">Inexistencia de competencia real en el mercado el\u00e9ctrico y formaci\u00f3n de un oligopolio el\u00e9ctrico enfrentada a la sociedad en su conjunto, demostrando el inmenso poder de un reducido grupo econ\u00f3mico y minimizando la capacidad de control democr\u00e1tico de los ciudadanos.<br \/>\n<\/span><\/p>\n<\/li>\n<li>\n<p class=\"western\" lang=\"es-ES\" align=\"justify\"><span style=\"font-size: small; color: #000000;\">Negativa de las empresas el\u00e9ctricas espa\u00f1olas a justificar los verdaderos costes del precio de las centrales nucleares e hidroel\u00e9ctricas en el mercado mayorista, verdaderos causantes del d\u00e9ficit tarifario. Por tanto, una deuda ilegitima que deber\u00e1 ser recuperada por el Estado.<\/span><\/p>\n<\/li>\n<li>\n<p class=\"western\" lang=\"es-ES\" align=\"justify\"><span style=\"font-size: small; color: #000000;\">Constante incriminaci\u00f3n a los costes regulados y a las primas renovables de causar el d\u00e9ficit tarifario. El discurso convergente de las empresas oligop\u00f3licas el\u00e9ctricas y el actual gobierno culpa a los costes regulados y a las energ\u00edas renovables del d\u00e9ficit tarifario. Las grandes compa\u00f1\u00edas el\u00e9ctricas espa\u00f1olas han recibido por costes regulados, incluidas las primas renovables, casi 50.000 millones de \u20acuros, entre 1998 a 2012.<\/span><\/p>\n<\/li>\n<li>\n<p class=\"western\" lang=\"es-ES\" align=\"justify\"><span style=\"font-size: small; color: #000000;\">Aprobaci\u00f3n de un Plan de construcci\u00f3n de centrales de ciclo combinado desde el a\u00f1o 2002. Se han construido m\u00e1s de 27000 MW en centrales de gas, en un periodo de encarecimiento de los recursos f\u00f3siles. <\/span><\/p>\n<\/li>\n<\/ul>\n<p class=\"western\" lang=\"es-ES\" align=\"justify\"><strong><span style=\"font-size: small; color: #000000;\">Las Lecciones del Desastre El\u00e9ctrico Espa\u00f1ol<\/span><\/strong><\/p>\n<p class=\"western\" lang=\"es-ES\" align=\"justify\"><span style=\"font-size: small; color: #000000;\">La principal lecci\u00f3n de la liberalizaci\u00f3n del mercado el\u00e9ctrico espa\u00f1ol es la liquidaci\u00f3n de un derecho inalienable e incuestionable, asumido como un servicio p\u00fablico, y su transformaci\u00f3n en un valor comercial, sometido a los intereses particulares de un grupo oligop\u00f3lico. Los intereses particulares de un peque\u00f1o grupo de empresas el\u00e9ctricas ha contribuido a la formaci\u00f3n de precios de la energ\u00eda el\u00e9ctrica que no corresponden a precios reales m\u00e1s un beneficio aceptable sino m\u00e1s bien asociados a mecanismos especulativos e ileg\u00edtimos de actuaci\u00f3n. <\/span><\/p>\n<p class=\"western\" lang=\"es-ES\" align=\"justify\"><span style=\"font-size: small; color: #000000;\">La complejidad del esquema de regulaci\u00f3n espa\u00f1ol y un reducido grupo de empresas el\u00e9ctricas, actuando en franca colusi\u00f3n, han impedido sistem\u00e1ticamente la entrada de nuevos actores en el mercado \u201cliberalizado\u201d. En realidad, se ha constituido un verdadero oligopolio donde las compa\u00f1\u00edas de generaci\u00f3n y comercializaci\u00f3n pertenecientes a un mismo grupo se compran y se venden energ\u00eda entre ellos mismos. Nada m\u00e1s lejos del supuesto esp\u00edritu de mercado, un mercado liberalizado sin ning\u00fan vestigio real de competencia ni en la generaci\u00f3n ni en la comercializaci\u00f3n. En el a\u00f1o 2011, la Comisi\u00f3n Nacional de Competencia mult\u00f3 a las compa\u00f1\u00edas el\u00e9ctricas por ahogar al mercado e introducir pr\u00e1cticas anticompetitivas, afectando a peque\u00f1as y medianas empresas y a los usuarios el\u00e9ctricos. La multa fue de 61 millones de \u20acuros. Con toda probabilidad esa multa motiv\u00f3 sonoras carcajadas en las empresas el\u00e9ctricas. <\/span><\/p>\n<p class=\"western\" lang=\"es-ES\" align=\"justify\"><span style=\"font-size: small; color: #000000;\">La ilegitimidad de un mercado el\u00e9ctrico distorsionado, oligop\u00f3lico y salpicado de pr\u00e1cticas mafiosas exige la necesidad de auditar una ilegitima y abusiva deuda de d\u00e9ficit tarifarlo y recuperar la capacidad del Estado de dirigir la pol\u00edtica energ\u00e9tica del pa\u00eds. Los objetivos fundamentales de la anteriormente mencionada auditor\u00eda de la injustificada deuda del d\u00e9ficit tarifario espa\u00f1ol son:<\/span><\/p>\n<ul>\n<li>\n<p class=\"western\" lang=\"es-ES\" align=\"justify\"><span style=\"font-size: small; color: #000000;\">Exigir el monto de las CTCs que deber\u00e1 ser devuelto al Estado. En el a\u00f1o 2006, el Gobierno derog\u00f3 los CTCs, pero nunca reclam\u00f3 a las empresas el\u00e9ctricas los cobros indebidos. Se estima que el sobrecobro de las empresas el\u00e9ctricas es superior a los 3.000 millones de \u20acuros. En 1999, un grupo de legisladores espa\u00f1oles present\u00f3 al Tribunal Constitucional un recurso de inconstitucionalidad a las CTCs.<\/span><\/p>\n<\/li>\n<li>\n<p class=\"western\" lang=\"es-ES\" align=\"justify\"><span style=\"font-size: small; color: #000000;\">Cuantificar la excesiva sobreganancia de centrales nucleares y hidroel\u00e9ctricas, con costes fijos m\u00e1s que amortizados, debido a la falta de transparencia y excesivo oscurantismo en la formaci\u00f3n de precios del mercado mayorista. Los denominados \u201cbeneficios ca\u00eddos del cielo\u201d se estiman entre 2.500-3.000 millones de \u20acuros al a\u00f1o.<\/span><\/p>\n<\/li>\n<li>\n<p class=\"western\" lang=\"es-ES\" align=\"justify\"><span style=\"font-size: small; color: #000000;\">Cuantificar los incrementos sistem\u00e1ticos anuales de la remuneraci\u00f3n por el servicio de interrumpibilidad. En el a\u00f1o 2013 super\u00f3 los 750 millones de \u20acuros, un servicio que pr\u00e1cticamente no se utiliza. <\/span><\/p>\n<\/li>\n<li>\n<p class=\"western\" lang=\"es-ES\" align=\"justify\"><span style=\"font-size: small; color: #000000;\">Cuantificar el indebido cobro por pago de capacidad, demostrando que es una forma descarada de trasladar dinero p\u00fablico a las empresas el\u00e9ctricas, por la realizaci\u00f3n de inversiones inadecuadas en un sistema el\u00e9ctrico con exceso de potencia instalada. Los errores, malos manejos y perdidas por malas inversiones de las empresas el\u00e9ctricas no se pueden trasladar al usuario a trav\u00e9s de la factura el\u00e9ctrica. Se estima un pago de 900 millones de \u20acuros anuales por \u201cpago de capacidad\u201d. <\/span><\/p>\n<\/li>\n<\/ul>\n<ul>\n<li>\n<p class=\"western\" lang=\"es-ES\" align=\"justify\"><span style=\"font-size: small; color: #000000;\">Cuantificar el sobrecoste creado por el incremento de la remuneraci\u00f3n del denominado t\u00e9rmino fijo de la factura el\u00e9ctrica en un 17%. Las compa\u00f1\u00edas el\u00e9ctricas pretender incrementar el beneficio de las empresas en relaci\u00f3n al coste de inversi\u00f3n con un injustificado aumento del pago por kW contratado por el usuario, castigando a los usuarios m\u00e1s pobres de la sociedad espa\u00f1ola.<\/span><\/p>\n<\/li>\n<li>\n<p class=\"western\" lang=\"es-ES\" align=\"justify\"><span style=\"font-size: small; color: #000000;\">Plantear un esquema de devoluci\u00f3n del dinero indebidamente sustra\u00eddo a los usuarios y al Estado, especificados en los apartados anteriores. <\/span><\/p>\n<\/li>\n<\/ul>\n<p class=\"western\" lang=\"es-ES\" align=\"justify\"><strong><span style=\"font-size: small; color: #000000;\">La Transnacionalizaci\u00f3n del Modelo El\u00e9ctrico Espa\u00f1ol<\/span><\/strong><\/p>\n<p class=\"western\" lang=\"es-ES\" align=\"justify\"><span style=\"color: #000000;\"><span style=\"font-size: small;\">El modelo el\u00e9ctrico espa\u00f1ol no es un caso aislado<\/span><span style=\"font-size: small;\">. Por el contrario, es un modelo representativo que ha sido asimilado, adaptado o directamente asumido por otros pa\u00edses. Las empresas el\u00e9ctricas espa\u00f1olas han trasladado su modelo de privatizaci\u00f3n a varios pa\u00edses de Sudam\u00e9rica. Los efectos introducidos en esos atribulados pa\u00edses de la transnacionalizaci\u00f3n del modelo el\u00e9ctrico espa\u00f1ol son:<\/span><\/span><\/p>\n<ul>\n<li>\n<p class=\"western\" lang=\"es-ES\" align=\"justify\"><span style=\"font-size: small; color: #000000;\">Apropiaci\u00f3n indebida de infraestructuras energ\u00e9ticas estatales sin previo y manifiesto consentimiento de la ciudadan\u00eda. <\/span><\/p>\n<\/li>\n<li>\n<p class=\"western\" lang=\"es-ES\" align=\"justify\"><span style=\"font-size: small; color: #000000;\">Creaci\u00f3n de un mercado oligop\u00f3lico que controla y establece impunemente el precio de la energ\u00eda. <\/span><\/p>\n<\/li>\n<li>\n<p class=\"western\" lang=\"es-ES\" align=\"justify\"><span style=\"font-size: small; color: #000000;\">La mano invisible del mercado el\u00e9ctrico ha incrementado los precios de la energ\u00eda el\u00e9ctrica a los consumidores, en lugar de reducirlo como era el supuesto objetivo del proceso de liberalizaci\u00f3n.<\/span><\/p>\n<\/li>\n<li>\n<p class=\"western\" lang=\"es-ES\" align=\"justify\"><span style=\"font-size: small; color: #000000;\">Anulaci\u00f3n y coacci\u00f3n de la capacidad de decisi\u00f3n sobre pol\u00edticas energ\u00e9ticas a largo plazo por parte del Estado.<\/span><\/p>\n<\/li>\n<li>\n<p class=\"western\" lang=\"es-ES\" align=\"justify\"><span style=\"font-size: small; color: #000000;\">Distorsi\u00f3n y enmascaramiento del principal objetivo del fundamentalismo neoliberal: la maximizaci\u00f3n del beneficio privado de los oligopolios el\u00e9ctricos por encima de cualquier propuesta de garantizar los derechos fundamentales de los seres humanos y el bien com\u00fan de la sociedad.<\/span><\/p>\n<\/li>\n<\/ul>\n<p class=\"western\" lang=\"es-ES\" align=\"justify\"><strong><span style=\"color: #000000;\"><span style=\"font-size: small;\">Ideas para la Transformaci\u00f3n del Modelo El\u00e9ctrico<\/span><\/span><\/strong><\/p>\n<p class=\"western\" lang=\"es-ES\" align=\"justify\"><span style=\"font-size: small; color: #000000;\">El modelo el\u00e9ctrico neoliberal ha desvelado el grave error de la clase pol\u00edtica dirigente espa\u00f1ola en entregar un sector estrat\u00e9gico en manos de un oligopolio, cuyas pr\u00e1cticas indebidas y caprichosas han causado un ilegitimo d\u00e9ficit tarifario y una inaceptable situaci\u00f3n de pobreza energ\u00e9tica en un pa\u00eds desarrollado. Este modelo caduco deber\u00e1 ser reemplazado y reformado, limitando al m\u00e1ximo la capacidad de manipular los precios de la energ\u00eda por parte de un reducido grupo de compa\u00f1\u00edas el\u00e9ctricas, incrementando la capacidad de regulaci\u00f3n y vigilancia del Estado y elaborando los mecanismos necesarios para la democratizaci\u00f3n de la propiedad y gesti\u00f3n de las infraestructuras el\u00e9ctricas. Entre las medidas a abordar para transformar el caduco modelo el\u00e9ctrico neoliberal espa\u00f1ol se plantea:<\/span><\/p>\n<ul>\n<li>\n<p class=\"western\" lang=\"es-ES\" align=\"justify\"><span style=\"color: #000000;\"><span style=\"font-size: small;\">Priorizar la implementaci\u00f3n de planes de ahorro y eficiencia energ\u00e9tica en el sector el\u00e9ctrico y en el sector de la construcci\u00f3n.<\/span><\/span><\/p>\n<\/li>\n<li>\n<p class=\"western\" lang=\"es-ES\" align=\"justify\"><span style=\"color: #000000;\"><span style=\"font-size: small;\">Apostar decididamente por la inversi\u00f3n en energ\u00edas renovables.<\/span><\/span><\/p>\n<\/li>\n<li>\n<p class=\"western\" lang=\"es-ES\" align=\"justify\"><span style=\"color: #000000;\"><span style=\"font-size: small;\">Favorecer la instalaci\u00f3n de sistemas el\u00e9ctricos dom\u00e9sticos, municipales y comunales con una adecuada ley de autoconsumo y de fomento de las redes inteligentes &#8211; smart grids.<\/span><\/span><\/p>\n<\/li>\n<li>\n<p class=\"western\" lang=\"es-ES\" align=\"justify\"><span style=\"color: #000000;\"><span style=\"font-size: small;\">Fomentar el uso de tarifas con discriminaci\u00f3n horaria gracias a la masificaci\u00f3n de contadores inteligentes.<\/span><\/span><\/p>\n<\/li>\n<li>\n<p class=\"western\" lang=\"es-ES\" align=\"justify\"><span style=\"color: #000000;\"><span style=\"font-size: small;\">Implementaci\u00f3n de mecanismos de transparencia en la formaci\u00f3n del coste real de la energ\u00eda el\u00e9ctrica.<\/span><\/span><\/p>\n<\/li>\n<\/ul>\n<!-- AddThis Advanced Settings generic via filter on the_content --><!-- AddThis Share Buttons generic via filter on the_content -->","protected":false},"excerpt":{"rendered":"<p>En Espa\u00f1a, en noviembre del a\u00f1o 1997, durante el primer gobierno de Jos\u00e9 Mar\u00eda Aznar, se promulg\u00f3 la Ley 54\/1997 tambi\u00e9n conocida como Ley del Sector El\u00e9ctrico. La mencionada ley aval\u00f3 la creaci\u00f3n de un mercado el\u00e9ctrico y el funcionamiento &hellip; <a href=\"https:\/\/albertorios.eu\/?p=1954\">Sigue leyendo <span class=\"meta-nav\">&rarr;<\/span><\/a><!-- AddThis Advanced Settings generic via filter on wp_trim_excerpt --><!-- AddThis Share Buttons generic via filter on wp_trim_excerpt --><\/p>\n","protected":false},"author":1,"featured_media":1955,"comment_status":"closed","ping_status":"open","sticky":false,"template":"","format":"standard","meta":{"footnotes":""},"categories":[7,1],"tags":[],"class_list":["post-1954","post","type-post","status-publish","format-standard","has-post-thumbnail","hentry","category-energias-renovables","category-sector-electrico"],"_links":{"self":[{"href":"https:\/\/albertorios.eu\/index.php?rest_route=\/wp\/v2\/posts\/1954","targetHints":{"allow":["GET"]}}],"collection":[{"href":"https:\/\/albertorios.eu\/index.php?rest_route=\/wp\/v2\/posts"}],"about":[{"href":"https:\/\/albertorios.eu\/index.php?rest_route=\/wp\/v2\/types\/post"}],"author":[{"embeddable":true,"href":"https:\/\/albertorios.eu\/index.php?rest_route=\/wp\/v2\/users\/1"}],"replies":[{"embeddable":true,"href":"https:\/\/albertorios.eu\/index.php?rest_route=%2Fwp%2Fv2%2Fcomments&post=1954"}],"version-history":[{"count":4,"href":"https:\/\/albertorios.eu\/index.php?rest_route=\/wp\/v2\/posts\/1954\/revisions"}],"predecessor-version":[{"id":1959,"href":"https:\/\/albertorios.eu\/index.php?rest_route=\/wp\/v2\/posts\/1954\/revisions\/1959"}],"wp:featuredmedia":[{"embeddable":true,"href":"https:\/\/albertorios.eu\/index.php?rest_route=\/wp\/v2\/media\/1955"}],"wp:attachment":[{"href":"https:\/\/albertorios.eu\/index.php?rest_route=%2Fwp%2Fv2%2Fmedia&parent=1954"}],"wp:term":[{"taxonomy":"category","embeddable":true,"href":"https:\/\/albertorios.eu\/index.php?rest_route=%2Fwp%2Fv2%2Fcategories&post=1954"},{"taxonomy":"post_tag","embeddable":true,"href":"https:\/\/albertorios.eu\/index.php?rest_route=%2Fwp%2Fv2%2Ftags&post=1954"}],"curies":[{"name":"wp","href":"https:\/\/api.w.org\/{rel}","templated":true}]}}