{"id":1932,"date":"2014-11-16T16:03:02","date_gmt":"2014-11-16T15:03:02","guid":{"rendered":"http:\/\/albertorios.eu\/?p=1932"},"modified":"2014-11-16T16:11:47","modified_gmt":"2014-11-16T15:11:47","slug":"cop-20-peru-el-alumno-aventajado","status":"publish","type":"post","link":"https:\/\/albertorios.eu\/?p=1932","title":{"rendered":"COP 20: PER\u00da, EL ALUMNO AVENTAJADO"},"content":{"rendered":"<p>&nbsp;<\/p>\n<p class=\"western\" lang=\"es-ES\" align=\"justify\"><span style=\"font-size: small; color: #000000;\">Entre el 1 y 12 de diciembre del 2014 se celebrar\u00e1 en Lima la vig\u00e9sima conferencia de las partes, COP 20. La reuni\u00f3n es de particular relevancia, puesto que el objetivo principal del evento es consolidar el acuerdo que reemplazar\u00e1 el Protocolo de Kyoto. El Protocolo de Kyoto fue adoptado en el a\u00f1o 1987 y que entr\u00f3 en vigor en al a\u00f1o 2005 con la ratificaci\u00f3n por parte de la Federaci\u00f3n Rusa. Por otro lado, en los \u00faltimos 15 a\u00f1os, el Per\u00fa ha incrementado en un 40% sus emisiones de gases de efecto invernadero gracias a un modelo econ\u00f3mico de crecimiento, basado en el fundamentalismo primario exportador y socialmente excluyente con las grandes mayor\u00edas. Sin duda, un alumno aventajado.<\/span><\/p>\n<p class=\"western\" lang=\"es-ES\" align=\"justify\"><!--more--><\/p>\n<p class=\"western\" lang=\"es-ES\" align=\"justify\"><span style=\"color: #000000;\"><strong><span style=\"font-size: small;\">El Per\u00fa y la Amenaza del Cambio Clim\u00e1tico <\/span><\/strong><\/span><\/p>\n<p class=\"western\" lang=\"es-ES\" align=\"justify\"><span style=\"font-size: small; color: #000000;\">En el portal web del Ministerio de Ambiente, MINAM, se informa que seg\u00fan el Tyndall Center de Inglaterra, el Per\u00fa es el tercer pa\u00eds m\u00e1s vulnerable al cambio clim\u00e1tico despu\u00e9s de Bangladesh y Honduras. El Per\u00fa se ha convertido en un alumno aventajado en multiplicar sus emisiones de gases efecto invernadero gracias al incremento de la frontera agr\u00edcola \u2013 la deforestaci\u00f3n de la selva amaz\u00f3nica y el aumento del uso de pesticidas, fertilizantes y agua -, a la metanizaci\u00f3n del sector el\u00e9ctrico y al aumento del uso de derivados de petr\u00f3leo en el sector transporte. En el futuro, la modernizaci\u00f3n de la obsoleta refiner\u00eda de Talara incrementar\u00e1 a\u00fan m\u00e1s significativamente las emisiones de gases de efecto invernadero.<\/span><\/p>\n<p class=\"western\" lang=\"es-ES\" align=\"justify\"><span style=\"color: #000000;\"><span style=\"font-size: small;\">En el a\u00f1o 2009 se procedi\u00f3 a actualizar del inventario nacional de emisiones. En la figura 1, se observa la evoluci\u00f3n de gases contaminantes en el Per\u00fa entre el a\u00f1o 2000 y 2009, periodo que coincidi\u00f3 con un crecimiento promedio anual de la econom\u00eda peruana superior al 6%. En ese periodo, las emisiones en toneladas equivalentes de CO<\/span><sub><span style=\"font-size: small;\">2<\/span><\/sub><span style=\"font-size: small;\"> pasaron de 120 a 138 millones de toneladas equivalentes CO<\/span><sub><span style=\"font-size: small;\">2<\/span><\/sub><span style=\"font-size: small;\">. De los 18 millones de incremento, experimentados entre 2000 y 2009, 13.5 millones corresponden al sector energ\u00e9tico. El Efecto medioambiental del gas natural de Camisea, sin dudas, requiere un an\u00e1lisis m\u00e1s profundo.<\/span><\/span><\/p>\n<div id=\"attachment_1933\" style=\"width: 835px\" class=\"wp-caption aligncenter\"><a href=\"http:\/\/albertorios.eu\/wp-content\/uploads\/Captura-de-pantalla-de-2014-10-20-144014.png\"><img loading=\"lazy\" decoding=\"async\" aria-describedby=\"caption-attachment-1933\" class=\"wp-image-1933 size-full\" src=\"http:\/\/albertorios.eu\/wp-content\/uploads\/Captura-de-pantalla-de-2014-10-20-144014.png\" alt=\"Captura de pantalla de 2014-10-20 14:40:14\" width=\"825\" height=\"403\" srcset=\"https:\/\/albertorios.eu\/wp-content\/uploads\/Captura-de-pantalla-de-2014-10-20-144014.png 825w, https:\/\/albertorios.eu\/wp-content\/uploads\/Captura-de-pantalla-de-2014-10-20-144014-300x146.png 300w, https:\/\/albertorios.eu\/wp-content\/uploads\/Captura-de-pantalla-de-2014-10-20-144014-500x244.png 500w\" sizes=\"auto, (max-width: 825px) 100vw, 825px\" \/><\/a><p id=\"caption-attachment-1933\" class=\"wp-caption-text\">Figura 1: Evoluci\u00f3n de las emisiones de efecto invernadero en el Per\u00fa del a\u00f1o 2000 al 2009.<\/p><\/div>\n<p class=\"western\" lang=\"es-ES\" align=\"justify\"><span style=\"font-size: small; color: #000000;\">El mayor incremento porcentual y nominal en emisiones contaminantes se debe al consumo de energ\u00eda f\u00f3sil (petr\u00f3leo, gas y derivados) para la generaci\u00f3n de electricidad y al consumo de combustible l\u00edquido en el sector industrial, residencial y p\u00fablico. Los dos m\u00e1s grandes problemas del Per\u00fa del siglo XXI son el empleo de gas natural en el sector el\u00e9ctrico y los derivados de petr\u00f3leo. Problemas que deber\u00e1n ser resueltos indefectiblemente en las pr\u00f3ximas d\u00e9cadas para garantizar la continuidad del suministro energ\u00e9tico y la sostenibilidad medioambiental del pa\u00eds<\/span><\/p>\n<p class=\"western\" lang=\"es-ES\" align=\"justify\"><span style=\"font-size: small; color: #000000;\">El secular cortoplacismo del Estado peruano y su naturaleza funcional a los intereses de un reducido grupo de gran poder econ\u00f3mico &#8211; nacional y transnacional &#8211; ha creado en los \u00faltimos a\u00f1os dos graves problemas: un sistema de transporte altamente ineficiente &#8211; dentro de grandes ciudades con crecimiento desorganizado y ca\u00f3tico &#8211; y una grav\u00edsima dependencia del petr\u00f3leo en el sector transporte y del gas natural en el sector el\u00e9ctrico, afectando la sostenibilidad y la biodiversidad del pa\u00eds con un incremento sin precedentes en la historia del Per\u00fa de las emisiones de efecto invernadero. <\/span><\/p>\n<p class=\"western\" lang=\"es-ES\" align=\"justify\"><strong><span style=\"font-size: small; color: #000000;\">El Efecto Camisea y la Metanizaci\u00f3n del Sector El\u00e9ctrico<\/span><\/strong><\/p>\n<p class=\"western\" lang=\"es-ES\" align=\"justify\"><span style=\"font-size: small; color: #000000;\">La \u00faltima gran central hidroel\u00e9ctrica en el Per\u00fa se termin\u00f3 de construir en el a\u00f1o 1991. La central de Carhuaquero, inicialmente con una potencia de 75 MW, empez\u00f3 su construcci\u00f3n en el a\u00f1o 1980. Posteriomente, privatizada y varias veces repotenciada alcanza actualmente 110 MW de potencia instalada. Desde el a\u00f1o 1991 tan s\u00f3lo han entrado en funcionamiento dos centrales hidroel\u00e9ctricas de gran potencia, Yuncan y El Platanal, en el a\u00f1o 2006 y 2010, con 137 MW y 220 MW, respectivamente. Tan s\u00f3lo se han construido dos centrales hidroel\u00e9ctricas de significativa potencia en casi 20 a\u00f1os. Un vac\u00edo muy grande para un pa\u00eds \u201ceminentemente\u201d hidroel\u00e9ctrico. Un par\u00f3n hidroel\u00e9ctrico jam\u00e1s antes visto. <\/span><\/p>\n<p class=\"western\" lang=\"es-ES\" align=\"justify\"><span style=\"font-size: small; color: #000000;\">Antes del a\u00f1o 2004, la producci\u00f3n el\u00e9ctrica en el Per\u00fa era predominantemente hidroel\u00e9ctrica. En el a\u00f1o 2003, la energ\u00eda el\u00e9ctrica de procedencia h\u00eddrica super\u00f3 el 82% de la producci\u00f3n total de ese a\u00f1o, 22900 Gwh. A finales del a\u00f1o 2012, seg\u00fan el informe del COES \u201cEstad\u00edstica de Operaciones 2013\u201d, la participaci\u00f3n de producci\u00f3n hidroel\u00e9ctrica se redujo a 51,81%. La llegada del gas natural de Camisea ha transformado y metanizado el sector el\u00e9ctrico peruano. A finales del a\u00f1o 2013, en los alrededores de la ciudad de Chilca se han instalado m\u00e1s de 2500 MW de potencia termoel\u00e9ctrica con una producci\u00f3n de energ\u00eda el\u00e9ctrica anual que supera el 45% del total. De cero a casi la mitad de la generaci\u00f3n el\u00e9ctrica anual en tan s\u00f3lo diez a\u00f1os. Una verdadera transformaci\u00f3n del sector el\u00e9ctrico peruano. La nueva adicci\u00f3n f\u00f3sil peruana exige la preparaci\u00f3n de una estrategia de recambio energ\u00e9tico en un horizonte de tiempo no muy lejano. Una d\u00e9cada p\u00e9rdida en carbonizar un sistema el\u00e9ctrico con un recurso no renovable, escaso y muy contaminante. Despu\u00e9s del gusto viene el disgusto. <\/span><\/p>\n<p class=\"western\" lang=\"es-ES\" align=\"justify\"><span style=\"color: #000000;\"><span style=\"font-size: small;\">Gran error estrat\u00e9gico de las elites dominantes creer que el gas natural es una herramienta de transici\u00f3n a una sociedad \u201cdescarbonizada\u201d. No hay duda que el gas natural durante el proceso de combusti\u00f3n emite menos emisiones que el carb\u00f3n y el petr\u00f3leo. No obstante, en el Per\u00fa se ha preferido prescindir de una tecnolog\u00eda limpia para quemar gas natural en la producci\u00f3n el\u00e9ctrica. Adem\u00e1s, diversos estudios indican que el gas, que se escapa a la atm\u00f3sfera sin quemar, genera un grave problema medioambiental. Las emisiones de metano son 86 veces m\u00e1s contaminantes que el <\/span><span style=\"font-size: small;\">CO<\/span><sub><span style=\"font-size: small;\">2 <\/span><\/sub><span style=\"font-size: small;\">en los primeros 20 a\u00f1os. Las emisiones no controladas de metano se denominan emisiones fugitivas. <\/span><\/span><\/p>\n<p class=\"western\" lang=\"es-ES\" align=\"justify\"><span style=\"font-size: small; color: #000000;\">La sustituci\u00f3n de carb\u00f3n por gas natural presenta una ventaja clim\u00e1tica siempre que las emisiones fugitivas de metano, desde el ciclo de extracci\u00f3n hasta la combusti\u00f3n en una central t\u00e9rmica, no super\u00e9 el 3,2% . ser\u00eda conveniente, en el Per\u00fa, certificar que las mencionadas emisiones fugitivas sean cuantificadas. Valores de emisiones fugitivas por encima del 4% desvirt\u00faan cualquier planteamiento por el gas natural como herramienta de lucha contra el cambio clim\u00e1tico. El pasado mes de abril de 2014, mediciones realizadas por un equipo de cient\u00edficos americanos en la cuenca Marcellus, Pensilvania, desvelaron cantidades de metano fugitivo entre 100 y 1000 veces superiores a los valores promedio que maneja Agencia de Protecci\u00f3n Ambiental Americana. Es evidente que no se deben extrapolar estos resultados pero lo que es preocupante es que lo que no se mide, simplemente, no se conoce. Es necesario esclarecer si en el Per\u00fa se realiza un seguimiento adecuado de las emisiones de metano del sector gas\u00edfero. <\/span><\/p>\n<p class=\"western\" lang=\"es-ES\" align=\"justify\"><strong><span style=\"color: #000000;\"><span style=\"font-size: small;\">Las Emisiones de CO<\/span><sub><span style=\"font-size: small;\">2 <\/span><\/sub><span style=\"font-size: small;\">de la Refiner\u00eda de Talara<\/span><\/span><\/strong><\/p>\n<p class=\"western\" lang=\"es-ES\" align=\"justify\"><span style=\"color: #000000;\"><span style=\"font-size: small;\">Desde el punto de vista medioambiental, la modernizaci\u00f3n de la refiner\u00eda de Talara prev\u00e9 la construcci\u00f3n de una unidad de hidr\u00f3geno. La refiner\u00eda de Talara tiene capacidad de procesar 65.000 barriles de crudo al d\u00eda y no dispone de unidad de hidr\u00f3geno. Un c\u00e1lculo sencillo de las emisiones en funci\u00f3n de los datos del proyecto de la refiner\u00eda de Balboa en Espa\u00f1a permite concluir que actualmente la refiner\u00eda de Talara emite aproximadamente 480.000 toneladas de CO<\/span><sub><span style=\"font-size: small;\">2<\/span><\/sub><span style=\"font-size: small;\"> al a\u00f1o, es decir, 1300 toneladas de CO<\/span><sub><span style=\"font-size: small;\">2<\/span><\/sub><span style=\"font-size: small;\"> al d\u00eda.<\/span><\/span><\/p>\n<p class=\"western\" lang=\"es-ES\" align=\"justify\"><span style=\"color: #000000;\"><span style=\"font-size: small;\">Las emisiones de CO<\/span><sub><span style=\"font-size: small;\">2<\/span><\/sub><span style=\"font-size: small;\"> de la refiner\u00eda de Talara se estiman de forma indirecta, a partir del an\u00e1lisis peri\u00f3dico de gases y c\u00e1lculos determinados. Seg\u00fan PetroPer\u00fa las emisiones de la refiner\u00eda de Talara, en los \u00faltimos 10 a\u00f1os, oscila entre 433 mil y 537 mil toneladas m\u00e9tricas de CO<\/span><sub><span style=\"font-size: small;\">2<\/span><\/sub><span style=\"font-size: small;\"> al a\u00f1o, entre 1186 y 1471 toneladas al d\u00eda). El c\u00e1lculo anual estimado de CO<\/span><sub><span style=\"font-size: small;\">2<\/span><\/sub><span style=\"font-size: small;\"> realizado a partir de los datos existentes para la refiner\u00eda de Balboa en Espa\u00f1a (480.000 toneladas anuales de CO<\/span><sub><span style=\"font-size: small;\">2<\/span><\/sub><span style=\"font-size: small;\">), se asemeja a la informaci\u00f3n proporcionada por PetroPer\u00fa, tabla 1.<\/span><\/span><\/p>\n<div id=\"attachment_1934\" style=\"width: 651px\" class=\"wp-caption aligncenter\"><a href=\"http:\/\/albertorios.eu\/wp-content\/uploads\/Captura-de-pantalla-de-2014-10-20-171041.png\"><img loading=\"lazy\" decoding=\"async\" aria-describedby=\"caption-attachment-1934\" class=\"wp-image-1934 size-full\" src=\"http:\/\/albertorios.eu\/wp-content\/uploads\/Captura-de-pantalla-de-2014-10-20-171041.png\" alt=\"Captura de pantalla de 2014-10-20 17:10:41\" width=\"641\" height=\"463\" srcset=\"https:\/\/albertorios.eu\/wp-content\/uploads\/Captura-de-pantalla-de-2014-10-20-171041.png 641w, https:\/\/albertorios.eu\/wp-content\/uploads\/Captura-de-pantalla-de-2014-10-20-171041-300x216.png 300w, https:\/\/albertorios.eu\/wp-content\/uploads\/Captura-de-pantalla-de-2014-10-20-171041-415x300.png 415w\" sizes=\"auto, (max-width: 641px) 100vw, 641px\" \/><\/a><p id=\"caption-attachment-1934\" class=\"wp-caption-text\">Tabla 1: Emisiones de CO2 en la modernizada refiner\u00eda de Talara, PetroPer\u00fa.<\/p><\/div>\n<p class=\"western\" lang=\"es-ES\" align=\"justify\"><span style=\"color: #000000;\"><span style=\"font-size: small;\">El proceso de modernizaci\u00f3n de la Refiner\u00eda de Talara incrementar\u00e1 las emisiones de CO<\/span><sub><span style=\"font-size: small;\">2<\/span><\/sub><span style=\"font-size: small;\"> hasta un valor de 2 millones y medio de toneladas anuales, unas 6850 toneladas de CO<\/span><sub><span style=\"font-size: small;\">2<\/span><\/sub><span style=\"font-size: small;\"> al d\u00eda, debido fundamentalmente a la construcci\u00f3n de la unidad de hidr\u00f3geno. Asimismo, la informaci\u00f3n sobre el volumen promedio anual de las emisiones de metano de Refiner\u00eda Talara existente se estima del orden de 100 a 140 toneladas m\u00e9tricas por a\u00f1o.<\/span><\/span><\/p>\n<p class=\"western\" lang=\"es-ES\" align=\"justify\"><span style=\"color: #000000;\"><span style=\"font-size: small;\">Existen soluciones t\u00e9cnicas para resolver el problema de las emisiones de CO<\/span><sub><span style=\"font-size: small;\">2<\/span><\/sub><span style=\"font-size: small;\"> de la refiner\u00eda de Talara y evitar el impacto negativo de estas emisiones en el entorno geogr\u00e1fico de la refiner\u00eda. Ser\u00eda, asimismo, muy conveniente que la Presidencia de la empresa estatal PetroPer\u00fa presente un estudio de impacto del incremento de CO<\/span><sub><span style=\"font-size: small;\">2<\/span><\/sub><span style=\"font-size: small;\"> en las poblaciones aleda\u00f1as.<\/span><\/span><\/p>\n<p class=\"western\" lang=\"es-ES\" align=\"justify\"><span style=\"color: #000000;\"><span style=\"font-size: small;\">La modernizaci\u00f3n de la refiner\u00eda de Talara no s\u00f3lo incrementar\u00e1 la dependencia externa de un recurso f\u00f3sil escaso y altamente contaminante sino que, adem\u00e1s, incrementar\u00e1 en dos millones adicionales de <\/span><span style=\"font-size: small;\">CO<\/span><sub><span style=\"font-size: small;\">2<\/span><\/sub><span style=\"font-size: small;\">, La modernizada refiner\u00eda de Talar\u00e1 no s\u00f3lo empeora la seguridad y soberan\u00eda energ\u00e9tica del Per\u00fa, adem\u00e1s, acrecienta el nivel de emisiones de gases de efecto invernadero en uno de los pa\u00edses mas vulnerables a los procesos de cambio clim\u00e1tico.<\/span><\/span><\/p>\n<p class=\"western\" lang=\"es-ES\" align=\"justify\"><strong><span style=\"color: #000000;\"><span style=\"font-size: small;\">Recomendaciones al alumno aventajado<\/span><\/span><\/strong><\/p>\n<p class=\"western\" lang=\"es-ES\" align=\"justify\"><span style=\"color: #000000;\"><span style=\"font-size: small;\">El Per\u00fa, alumno aventajado en incrementar emisiones de CO<\/span><sub><span style=\"font-size: small;\">2<\/span><\/sub><span style=\"font-size: small;\">, es el anfitri\u00f3n de la COP 20. Probablemente, una de las reuniones m\u00e1s esperadas, puesto que se establecer\u00e1 un nuevo acuerdo a escala global para reducir las emisiones de efecto invernadero. El modelo econ\u00f3mico peruano, en plena crisis, preferir\u00e1 enmascarar sus elevadas emisiones contaminantes con la excusa de un ineludible crecimiento econ\u00f3mico. Crecimiento injusto, excluyente, irresponsable y depredador, que no s\u00f3lo acerca al Per\u00fa a un colapso econ\u00f3mico y energ\u00e9tico sino tambi\u00e9n a irreversibles impactos medioambientales. Se recomienda al alumno aventajado abordar una seria transformaci\u00f3n del modelo energ\u00e9tico actual basado en:<\/span><\/span><\/p>\n<p class=\"western\" lang=\"es-ES\" align=\"justify\"><span style=\"color: #000000;\"><span style=\"font-size: small;\">1. Implementaci\u00f3n de planes de ahorro y eficiencia energ\u00e9tica en el sector el\u00e9ctrico que evite la construcci\u00f3n de nuevas centrales hidroel\u00e9ctricas.<\/span><\/span><\/p>\n<p class=\"western\" lang=\"es-ES\" align=\"justify\"><span style=\"color: #000000;\"><span style=\"font-size: small;\">2. Evaluaci\u00f3n y repotenciaci\u00f3n de las centrales hidroel\u00e9ctricas existentes y reforzamiento y aprovechamiento h\u00eddrico de los r\u00edos de la costa del Per\u00fa.<\/span><\/span><\/p>\n<p class=\"western\" lang=\"es-ES\" align=\"justify\"><span style=\"color: #000000;\"><span style=\"font-size: small;\">3. Elaboraci\u00f3n de un mapa de aprovechamiento h\u00eddrico en base a criterios de sostenibilidad medioambiental y biodiversidad, que proh\u00edba en el Per\u00fa la construcci\u00f3n de centrales hidroel\u00e9ctricas en determinadas cuencas hidrogr\u00e1ficas. <\/span><\/span><\/p>\n<p class=\"western\" lang=\"es-ES\" align=\"justify\"><span style=\"color: #000000;\"><span style=\"font-size: small;\">4. Reemplazo escalonado y planificado de las centrales de ciclo combinado a gas natural por tecnolog\u00edas RER y apuesta por un sistema el\u00e9ctrico distribuido.<\/span><\/span><\/p>\n<p class=\"western\" lang=\"es-ES\" align=\"justify\"><span style=\"font-size: small; color: #000000;\">5. Elaboraci\u00f3n e implementaci\u00f3n de una estrategia nacional de electrificaci\u00f3n del transporte de personas y mercanc\u00edas asociada a un plan de construcci\u00f3n de centrales hidroel\u00e9ctricas de alta monta\u00f1a, mucho menos agresivas con el medio ambiente que las centrales el\u00e9ctricas en los grandes r\u00edos de la selva del Per\u00fa.<\/span><\/p>\n<p class=\"western\" lang=\"es-ES\" align=\"justify\">Madrid, 13 de Noviembre del 2013<\/p>\n<!-- AddThis Advanced Settings generic via filter on the_content --><!-- AddThis Share Buttons generic via filter on the_content -->","protected":false},"excerpt":{"rendered":"<p>&nbsp; Entre el 1 y 12 de diciembre del 2014 se celebrar\u00e1 en Lima la vig\u00e9sima conferencia de las partes, COP 20. La reuni\u00f3n es de particular relevancia, puesto que el objetivo principal del evento es consolidar el acuerdo que &hellip; <a href=\"https:\/\/albertorios.eu\/?p=1932\">Sigue leyendo <span class=\"meta-nav\">&rarr;<\/span><\/a><!-- AddThis Advanced Settings generic via filter on wp_trim_excerpt --><!-- AddThis Share Buttons generic via filter on wp_trim_excerpt --><\/p>\n","protected":false},"author":1,"featured_media":1935,"comment_status":"closed","ping_status":"open","sticky":false,"template":"","format":"standard","meta":{"footnotes":""},"categories":[6],"tags":[],"class_list":["post-1932","post","type-post","status-publish","format-standard","has-post-thumbnail","hentry","category-modelo-energetico"],"_links":{"self":[{"href":"https:\/\/albertorios.eu\/index.php?rest_route=\/wp\/v2\/posts\/1932","targetHints":{"allow":["GET"]}}],"collection":[{"href":"https:\/\/albertorios.eu\/index.php?rest_route=\/wp\/v2\/posts"}],"about":[{"href":"https:\/\/albertorios.eu\/index.php?rest_route=\/wp\/v2\/types\/post"}],"author":[{"embeddable":true,"href":"https:\/\/albertorios.eu\/index.php?rest_route=\/wp\/v2\/users\/1"}],"replies":[{"embeddable":true,"href":"https:\/\/albertorios.eu\/index.php?rest_route=%2Fwp%2Fv2%2Fcomments&post=1932"}],"version-history":[{"count":3,"href":"https:\/\/albertorios.eu\/index.php?rest_route=\/wp\/v2\/posts\/1932\/revisions"}],"predecessor-version":[{"id":1938,"href":"https:\/\/albertorios.eu\/index.php?rest_route=\/wp\/v2\/posts\/1932\/revisions\/1938"}],"wp:featuredmedia":[{"embeddable":true,"href":"https:\/\/albertorios.eu\/index.php?rest_route=\/wp\/v2\/media\/1935"}],"wp:attachment":[{"href":"https:\/\/albertorios.eu\/index.php?rest_route=%2Fwp%2Fv2%2Fmedia&parent=1932"}],"wp:term":[{"taxonomy":"category","embeddable":true,"href":"https:\/\/albertorios.eu\/index.php?rest_route=%2Fwp%2Fv2%2Fcategories&post=1932"},{"taxonomy":"post_tag","embeddable":true,"href":"https:\/\/albertorios.eu\/index.php?rest_route=%2Fwp%2Fv2%2Ftags&post=1932"}],"curies":[{"name":"wp","href":"https:\/\/api.w.org\/{rel}","templated":true}]}}