{"id":1819,"date":"2014-03-20T23:17:52","date_gmt":"2014-03-20T22:17:52","guid":{"rendered":"http:\/\/albertorios.eu\/?p=1819"},"modified":"2014-03-20T23:18:27","modified_gmt":"2014-03-20T22:18:27","slug":"la-problematica-de-integracion-eolica-en-el-peru","status":"publish","type":"post","link":"https:\/\/albertorios.eu\/?p=1819","title":{"rendered":"LA PROBLEM\u00c1TICA DE INTEGRACI\u00d3N E\u00d3LICA EN EL PER\u00da"},"content":{"rendered":"<p style=\"text-align: justify;\"><span style=\"color: #ff0000;\">\u00a0<\/span><\/p>\n<p style=\"text-align: justify;\"><span style=\"color: #000000;\">Seg\u00fan la informaci\u00f3n disponible en el portal web del Organismo de Supervisi\u00f3n de la Inversi\u00f3n en Energ\u00eda y Miner\u00eda, OSINERGMIN, en el primer cuatrimestre del 2014 deber\u00edan conectarse al SEIN los tres primeros parques e\u00f3licos peruanos. Es importante destacar que las tres mencionadas instalaciones e\u00f3licas fueron adjudicadas en el a\u00f1o 2009. A pesar de los retrasos en el proceso de construcci\u00f3n, al parecer, a lo largo de este a\u00f1o se producir\u00e1 la tan importante como esperada conexi\u00f3n de los primeros parques e\u00f3licos al SEIN. En este sentido, es imprescindible incidir en la necesidad de publicar los procedimientos t\u00e9cnicos espec\u00edficos de conexi\u00f3n de parques e\u00f3licos al SEIN.<\/span><\/p>\n<p><span style=\"color: #000000;\"><!--more--><\/span><\/p>\n<p style=\"text-align: justify;\"><span style=\"color: #000000;\"><strong>Ausencia de procedimientos t\u00e9cnicos espec\u00edficos de conexi\u00f3n al SEIN<\/strong><\/span><\/p>\n<p style=\"text-align: justify;\"><span style=\"color: #000000;\">El viento es un recurso de origen renovable y no programable por sus caracter\u00edsticas de aleatoriedad, variabilidad y estacionalidad. El comportamiento el\u00e9ctrico de los sistemas e\u00f3licos de generaci\u00f3n el\u00e9ctrica es significativamente diferente de las generadores s\u00edncronos convencionales. Esto exige la necesidad de establecer criterios t\u00e9cnicos de conexi\u00f3n especiales, asociados a las de instalaciones e\u00f3licas de generaci\u00f3n el\u00e9ctrica. El cumplimiento de los criterios t\u00e9cnicos de conexi\u00f3n por parte de las instalaciones e\u00f3licas asegura que el Operador del sistema el\u00e9ctrico pueda aprovechar al m\u00e1ximo la capacidad y versatilidad de los sistemas de control de las turbinas e\u00f3licas. De este modo, las instalaciones e\u00f3licas pueden participar activamente en mantener la seguridad, estabilidad y fiabilidad del SEIN.<\/span><\/p>\n<p style=\"text-align: justify;\"><span style=\"color: #000000;\">El correcto funcionamiento del SEIN con un alto nivel de penetraci\u00f3n e\u00f3lica s\u00f3lo ser\u00e1 posible gracias a una \u00f3ptima coordinaci\u00f3n t\u00e9cnica de control y programaci\u00f3n de la generaci\u00f3n de los sistemas el\u00e9ctricos convencionales y de los sistemas e\u00f3licos de generaci\u00f3n el\u00e9ctrica. Esta situaci\u00f3n debe ser planteada no como un problema y una interferencia al normal funcionamiento del SEIN sino como un reto y una oportunidad para consolidar y elevar el nivel de gesti\u00f3n del Operador del Sistema El\u00e9ctrico. En cualquier caso, las ventajas econ\u00f3micas y medioambientales del empleo de la energ\u00eda del viento son muy superiores a las particularidades t\u00e9cnicas de su conexi\u00f3n e integraci\u00f3n en el SEIN. La complementariedad de la energ\u00eda e\u00f3lica con otros sistemas de conversi\u00f3n basados en energ\u00edas renovables y\/o convencionales es t\u00e9cnica y econ\u00f3micamente viable.<\/span><\/p>\n<p style=\"text-align: justify;\"><span style=\"color: #000000;\">El 14 de enero del a\u00f1o 2010, OSINERGMIN, aprob\u00f3 la incorporaci\u00f3n del numeral 5.4 al Procedimiento T\u00e9cnico N\u00ba 21 del COES \u201cIngreso de Unidades de Generaci\u00f3n, L\u00edneas y Subestaciones de Transmisi\u00f3n en el COES-SINAC\u201d, que introdujo los \u201cRequerimientos T\u00e9cnicos de Conexi\u00f3n de las instalaciones E\u00f3licas al SEIN\u201d. Este procedimiento se incorpor\u00f3 como anexo A e inclu\u00eda los requerimientos t\u00e9cnicos de operaci\u00f3n que adicionalmente se deber\u00e1n cumplir para la conexi\u00f3n de instalaciones e\u00f3licas al SEIN. A d\u00eda de hoy, a\u00fan no se han publicado los procedimientos adicionales espec\u00edficos para cumplimiento de los criterios t\u00e9cnicos de conexi\u00f3n por parte de las instalaciones e\u00f3licas al SEIN, establecidos en el mencionado Procedimiento 21.<\/span><\/p>\n<p style=\"text-align: justify;\"><span style=\"color: #000000;\"><strong>Desaparici\u00f3n de los procedimientos espec\u00edficos en el Procedimiento T\u00e9cnico N\u00ba 20<\/strong><\/span><\/p>\n<p style=\"text-align: justify;\"><span style=\"color: #000000;\">El 14 de marzo del a\u00f1o 2013, se aprob\u00f3 el Procedimiento T\u00e9cnico N\u00ba 20 del COES \u201cIngreso, Modificaci\u00f3n y Retiro de Instalaciones en el SEIN\u201d. En este procedimiento desaparece la exigencia de elaborar procedimientos t\u00e9cnicos adicionales para el cumplimiento de los requerimientos de conexi\u00f3n de las instalaciones de centrales de generaci\u00f3n no convencional (CGNC) al SEIN establecidos en el cap\u00edtulo 4 del Anexo A del mencionado procedimiento. No existe, por tanto, ning\u00fan procedimiento t\u00e9cnico espec\u00edfico de referencia para los promotores de los parques e\u00f3licos que establezca las fases de evaluaci\u00f3n, verificaci\u00f3n y certificaci\u00f3n del cumplimiento de los requerimientos t\u00e9cnicos de:<\/span><\/p>\n<ul style=\"text-align: justify;\">\n<li><span style=\"color: #000000;\">Control y operaci\u00f3n de las instalaciones e\u00f3licas en estado normal de funcionamiento y en estado de emergencia conectadas al SEIN, asociado al control de potencia activa y reactiva en el punto de conexi\u00f3n al SEIN.<\/span><\/li>\n<\/ul>\n<ul style=\"text-align: justify;\">\n<li><span style=\"color: #000000;\">Continuidad de suministro ante huecos de tensi\u00f3n, que garantice la capacidad de las instalaciones e\u00f3licas de mantenerse conectadas al SEIN ante la aparici\u00f3n de reducciones severas de tensi\u00f3n en el punto de conexi\u00f3n al SEIN.<\/span><\/li>\n<\/ul>\n<ul style=\"text-align: justify;\">\n<li><span style=\"color: #000000;\">Protocolo del sistema de comunicaci\u00f3n y control externo de las instalaciones e\u00f3licas, que certifique la funcionalidad de la transferencia de datos entre el COES y los centros de control de los parques e\u00f3licos.<\/span><\/li>\n<\/ul>\n<ul style=\"text-align: justify;\">\n<li><span style=\"color: #000000;\">Determinaci\u00f3n del valor de la potencia firme e\u00f3lica, que permita el c\u00e1lculo del porcentaje de participaci\u00f3n de la energ\u00eda e\u00f3lica en la suficiencia del sistema el\u00e9ctrico en las horas de m\u00e1xima demanda y, por tanto, de la correspondiente retribuci\u00f3n econ\u00f3mica.\u00a0<\/span><\/li>\n<\/ul>\n<p style=\"text-align: justify;\"><span style=\"color: #000000;\"><strong>Conclusiones<\/strong><\/span><\/p>\n<p style=\"text-align: justify;\"><span style=\"color: #000000;\">En Europa y Estados Unidos, pa\u00edses con gran experiencia de integraci\u00f3n de energ\u00eda e\u00f3lica en el sistema el\u00e9ctrico, los Operadores del sistema el\u00e9ctrico han generado un singular proceso de elaboraci\u00f3n de procedimientos t\u00e9cnicos, asociados al cumplimiento de los requerimientos t\u00e9cnicos de conexi\u00f3n de instalaciones e\u00f3licas. Sorprende la inexistencia de los correspondientes procedimientos adicionales de conexi\u00f3n y la pasividad con la que los promotores e\u00f3licos aceptan esta situaci\u00f3n, m\u00e1s a\u00fan cuando la responsabilidad de cualquier perturbaci\u00f3n en el sistema el\u00e9ctrico derivada de la operaci\u00f3n y control de los parques e\u00f3licos recaer\u00e1 exclusivamente sobre los titulares de las instalaciones e\u00f3licas.\u00a0\u00a0 <strong><\/strong><\/span><\/p>\n<p style=\"text-align: justify;\"><span style=\"color: #000000;\"><strong>Ambato, a 20 de Marzo del a\u00f1o 2014\u00a0 <\/strong><\/span><\/p>\n<p style=\"text-align: right;\" align=\"right\"><span style=\"color: #000000;\"><strong>Alberto R\u00edos Villacorta<\/strong><\/span><\/p>\n<p style=\"text-align: right;\" align=\"right\"><span style=\"color: #000000;\"><strong><\/strong><strong>Dr. Ingeniero Industrial<\/strong><\/span><\/p>\n<p style=\"text-align: right;\" align=\"right\"><span style=\"color: #000000;\"><strong>Universidad Europea de Madrid<\/strong><\/span><\/p>\n<p style=\"text-align: right;\"><span style=\"color: #000000;\"> \u00a0<\/span><\/p>\n<!-- AddThis Advanced Settings generic via filter on the_content --><!-- AddThis Share Buttons generic via filter on the_content -->","protected":false},"excerpt":{"rendered":"<p>\u00a0 Seg\u00fan la informaci\u00f3n disponible en el portal web del Organismo de Supervisi\u00f3n de la Inversi\u00f3n en Energ\u00eda y Miner\u00eda, OSINERGMIN, en el primer cuatrimestre del 2014 deber\u00edan conectarse al SEIN los tres primeros parques e\u00f3licos peruanos. Es importante destacar &hellip; <a href=\"https:\/\/albertorios.eu\/?p=1819\">Sigue leyendo <span class=\"meta-nav\">&rarr;<\/span><\/a><!-- AddThis Advanced Settings generic via filter on wp_trim_excerpt --><!-- AddThis Share Buttons generic via filter on wp_trim_excerpt --><\/p>\n","protected":false},"author":1,"featured_media":1820,"comment_status":"closed","ping_status":"open","sticky":false,"template":"","format":"standard","meta":{"footnotes":""},"categories":[7,6,1],"tags":[],"class_list":["post-1819","post","type-post","status-publish","format-standard","has-post-thumbnail","hentry","category-energias-renovables","category-modelo-energetico","category-sector-electrico"],"_links":{"self":[{"href":"https:\/\/albertorios.eu\/index.php?rest_route=\/wp\/v2\/posts\/1819","targetHints":{"allow":["GET"]}}],"collection":[{"href":"https:\/\/albertorios.eu\/index.php?rest_route=\/wp\/v2\/posts"}],"about":[{"href":"https:\/\/albertorios.eu\/index.php?rest_route=\/wp\/v2\/types\/post"}],"author":[{"embeddable":true,"href":"https:\/\/albertorios.eu\/index.php?rest_route=\/wp\/v2\/users\/1"}],"replies":[{"embeddable":true,"href":"https:\/\/albertorios.eu\/index.php?rest_route=%2Fwp%2Fv2%2Fcomments&post=1819"}],"version-history":[{"count":3,"href":"https:\/\/albertorios.eu\/index.php?rest_route=\/wp\/v2\/posts\/1819\/revisions"}],"predecessor-version":[{"id":1823,"href":"https:\/\/albertorios.eu\/index.php?rest_route=\/wp\/v2\/posts\/1819\/revisions\/1823"}],"wp:featuredmedia":[{"embeddable":true,"href":"https:\/\/albertorios.eu\/index.php?rest_route=\/wp\/v2\/media\/1820"}],"wp:attachment":[{"href":"https:\/\/albertorios.eu\/index.php?rest_route=%2Fwp%2Fv2%2Fmedia&parent=1819"}],"wp:term":[{"taxonomy":"category","embeddable":true,"href":"https:\/\/albertorios.eu\/index.php?rest_route=%2Fwp%2Fv2%2Fcategories&post=1819"},{"taxonomy":"post_tag","embeddable":true,"href":"https:\/\/albertorios.eu\/index.php?rest_route=%2Fwp%2Fv2%2Ftags&post=1819"}],"curies":[{"name":"wp","href":"https:\/\/api.w.org\/{rel}","templated":true}]}}