{"id":131,"date":"2011-12-14T23:43:05","date_gmt":"2011-12-14T22:43:05","guid":{"rendered":"http:\/\/albertorios.eu\/?p=131"},"modified":"2013-05-03T12:20:06","modified_gmt":"2013-05-03T11:20:06","slug":"oportunidades-de-negocio-en-el-sector-electrico-peruano","status":"publish","type":"post","link":"https:\/\/albertorios.eu\/?p=131","title":{"rendered":"OPORTUNIDADES DE NEGOCIO EN EL SECTOR EL\u00c9CTRICO PERUANO"},"content":{"rendered":"<p style=\"text-align: justify;\">\n<p style=\"text-align: justify;\"><span style=\"color: #000000;\">El Per\u00fa es uno de los pa\u00edses emergentes que mejor ha afrontado la crisis mundial convirti\u00e9ndose en un pa\u00eds\u00a0refugio para las inversiones extranjeras. El sector el\u00e9ctrico peruano, entre los a\u00f1os 2004 hasta 2009, recibi\u00f3 inversiones por un monto aproximado de US$4.000 millones de d\u00f3lares, lo que permiti\u00f3 incrementar la potencia el\u00e9ctrica instalada en m\u00e1s de 1300 MW y mejorar la calidad de servicio y de las instalaciones de transmisi\u00f3n el\u00e9ctrica.<\/span><\/p>\n<p style=\"text-align: justify;\"><span style=\"color: #000000;\"><!--more--><\/span><\/p>\n<p style=\"text-align: justify;\"><span style=\"color: #000000;\"><strong>Inversiones en el sector el\u00e9ctrico<\/strong><\/span><\/p>\n<p style=\"text-align: justify;\"><span style=\"color: #000000;\">En el a\u00f1o 2010 seg\u00fan informes del Ministerio de Energ\u00edas y Minas (MEM), las inversiones realizadas ascendieron aproximadamente a US$1.681 millones. Esta cifra supera en un 42% a las inversiones realizadas en el a\u00f1o 2009. La distribuci\u00f3n de las inversiones ejecutadas en el a\u00f1o 2010 fue la siguiente:<\/span><\/p>\n<ul style=\"text-align: justify;\">\n<li>\n<div style=\"text-align: justify;\"><span style=\"color: #000000;\">61% por las empresas generadoras<\/span><\/div>\n<\/li>\n<li>\n<div style=\"text-align: justify;\"><span style=\"color: #000000;\">12% por las empresas de transmisi\u00f3n el\u00e9ctrica<\/span><\/div>\n<\/li>\n<li>\n<div style=\"text-align: justify;\"><span style=\"color: #000000;\">17% por las empresas distribuidoras<\/span><\/div>\n<\/li>\n<li>\n<div style=\"text-align: justify;\"><span style=\"color: #000000;\">10% restante en obras de electrificaci\u00f3n rural.<\/span><\/div>\n<\/li>\n<\/ul>\n<p style=\"text-align: justify;\"><span style=\"color: #000000;\">En el primer semestre del a\u00f1o 2011, seg\u00fan datos de la Direcci\u00f3n General de Electricidad, las inversiones ejecutadas en el sector el\u00e9ctrico por empresas p\u00fablicas y privadas ascendieron a US$900,2 millones, superiores en un 83% a las ejecutadas en el mismo per\u00edodo del a\u00f1o 2010.<\/span><\/p>\n<p style=\"text-align: justify;\"><span style=\"color: #000000;\">El dinamismo de las inversiones en el sector el\u00e9ctrico peruano refleja el importante crecimiento que ha experimentado este sector debido fundamentalmente al incremento de la demanda el\u00e9ctrica y al proceso de expansi\u00f3n econ\u00f3mica que disfruta el pa\u00eds en las \u00faltimas d\u00e9cadas.<\/span><\/p>\n<p style=\"text-align: justify;\"><span style=\"color: #000000;\"><strong>Proyecciones de la demanda el\u00e9ctrica<\/strong><\/span><\/p>\n<p style=\"text-align: justify;\"><span style=\"color: #000000;\">Se prev\u00e9 que la demanda de energ\u00eda crezca para el 2011 en un 10% u 11%, aproximadamente con respecto al 2010. Seg\u00fan el Viceministro de Energ\u00eda, se espera que la demanda crezca a un promedio de 9% anual durante los pr\u00f3ximos cinco a\u00f1os, impulsada por la ejecuci\u00f3n de proyectos mineros valorizados en US$ 35000 millones.<\/span><\/p>\n<p style=\"text-align: justify;\"><span style=\"color: #000000;\">En la figura 1, se observa el incremento de consumo el\u00e9ctrico en el Per\u00fa desde el a\u00f1o 2000 hasta el a\u00f1o 2009. \u00a0En los \u00faltimos cinco a\u00f1os, la producci\u00f3n de energ\u00eda el\u00e9ctrica a nivel Nacional y en el SEIN, creci\u00f3 7% en promedio anual,\u00a0es decir,\u00a0un incremento promedio del consumo de energ\u00eda el\u00e9ctrica de alrededor de 1 800 GWh \/a\u00f1o.<\/span><\/p>\n<p><span style=\"color: #000000;\"><a href=\"http:\/\/albertorios.eu\/wp-content\/uploads\/2011\/12\/Figura-4.jpg\"><span style=\"color: #000000;\"><img loading=\"lazy\" decoding=\"async\" class=\"size-medium wp-image-132 aligncenter\" title=\"Figura 4\" src=\"http:\/\/albertorios.eu\/wp-content\/uploads\/2011\/12\/Figura-4-300x120.jpg\" alt=\"\" width=\"498\" height=\"224\" \/><\/span><\/a><\/span><\/p>\n<p align=\"center\"><span style=\"color: #000000;\"><strong>\u00a0Figura 1: Incremento del consumo anual de energ\u00eda el\u00e9ctrica en el Per\u00fa. Fuente: MEM.<\/strong><\/span><\/p>\n<p style=\"text-align: justify;\"><span style=\"color: #000000;\">En la figura 2, se muestra el incremento del consumo mensual de energ\u00eda el\u00e9ctrica desde el a\u00f1o 1997 al a\u00f1o 2009. Se observa, asimismo, el sostenido incremento de la participaci\u00f3n del sector termoel\u00e9ctrico en la cobertura de la demanda el\u00e9ctrica desde el a\u00f1o 2004. En la actualidad, la participaci\u00f3n de la demanda del sector termoel\u00e9ctrico en la cobertura de la demanda el\u00e9ctrica es superior a un 40%.<\/span><\/p>\n<p style=\"text-align: justify;\"><span style=\"color: #000000;\"><strong>La importancia del gas en el sector el\u00e9ctrico<\/strong><\/span><\/p>\n<p style=\"text-align: justify;\"><span style=\"color: #000000;\">La activa participaci\u00f3n del Estado en la creaci\u00f3n de un mercado termoel\u00e9ctrico permiti\u00f3 la explotaci\u00f3n del gas de Camisea. Exceptuando algunos bloques, la gran mayor\u00eda de centrales termoel\u00e9ctricas son centrales de ciclo simple con una eficiencia del 30%.<\/span><\/p>\n<p><span style=\"color: #000000;\"><a href=\"http:\/\/albertorios.eu\/wp-content\/uploads\/2011\/12\/Figura-52.jpg\"><span style=\"color: #000000;\"><img loading=\"lazy\" decoding=\"async\" class=\"aligncenter\" title=\"Figura 5\" src=\"http:\/\/albertorios.eu\/wp-content\/uploads\/2011\/12\/Figura-52-300x177.jpg\" alt=\"\" width=\"501\" height=\"318\" \/><\/span><\/a><\/span><\/p>\n<p align=\"center\"><span style=\"color: #000000;\"><strong>Figura 2: Incremento del consumo mensual de energ\u00eda el\u00e9ctrica en el Per\u00fa. Fuente: MEM. <\/strong><\/span><\/p>\n<p style=\"text-align: justify;\"><span style=\"color: #000000;\">Un empleo m\u00e1s eficiente del gas de Camisea exige la promoci\u00f3n de sistemas de cogeneraci\u00f3n que funcionan con una eficiencia superior al 70%, generando calor y electricidad, de especial inter\u00e9s para el sector industrial,\u00a0residencial\u00a0y comercial. Se han desarrollado, tambi\u00e9n, sistemas de trigeneraci\u00f3n y tetrageneraci\u00f3n, que adem\u00e1s pueden generar frio y air comprimido.<\/span><\/p>\n<p style=\"text-align: justify;\"><span style=\"color: #000000;\"><strong>Reforzamiento del sistema de transmisi\u00f3n el\u00e9ctrica<\/strong><\/span><\/p>\n<p style=\"text-align: justify;\"><span style=\"color: #000000;\">El incremento de la demanda de electricidad y la oferta de generaci\u00f3n exige el incremento de la capacidad red de transmisi\u00f3n, lo que permitir\u00e1 evitar la congesti\u00f3n y dar mayor eficiencia, calidad y seguridad a la operaci\u00f3n y control del sistema. En este sentido, se tiene previsto la construcci\u00f3n de l\u00edneas de alta tensi\u00f3n 500kV. Seg\u00fan el registro de proyectos licitados, aquellos en proceso de licitaci\u00f3n y previstos licitar, para el periodo de 2010 al 2014 estar\u00e1n en servicio nuevas l\u00edneas de transmisi\u00f3n que suman un total adicional de 4371km. El 56% corresponde a l\u00edneas de transmisi\u00f3n de 500 kV, el 41% de 220 Kv y 3% de 138 kV.<\/span><\/p>\n<p style=\"text-align: justify;\"><span style=\"color: #000000;\">Existen m\u00e1s planes de reforzamiento de las l\u00edneas de transmisi\u00f3n existentes y ampliaci\u00f3n de la capacidad de las subestaciones de transformaci\u00f3n seg\u00fan acuerdos aprobados por las empresas el\u00e9ctricas de transmisi\u00f3n.<\/span><\/p>\n<p style=\"text-align: justify;\"><span style=\"color: #000000;\"><strong>La esperada participaci\u00f3n de las energ\u00edas renovables<\/strong><\/span><\/p>\n<p style=\"text-align: justify;\"><span style=\"color: #000000;\">La alta dependencia del gas en el sector el\u00e9ctrico y la preocupaci\u00f3n medioambiental existente ha delineado la activa participaci\u00f3n en los pr\u00f3ximos a\u00f1os de las energ\u00edas renovables en el mix de generaci\u00f3n el\u00e9ctrica nacional. El a\u00f1o 2008 se promulg\u00f3 el Decreto Ley 1002 que regula la producci\u00f3n de energ\u00eda el\u00e9ctrica con fuentes renovables no convencionales, denominados Recursos Energ\u00e9ticos Renovables (RER). En agosto de 2009 se realiz\u00f3 la Primera Subasta de Suministro de Electricidad con RER.<\/span><\/p>\n<p style=\"text-align: justify;\"><span style=\"color: #000000;\">En este modelo de adjudicaci\u00f3n de proyectos el\u00e9ctricos, se subasta la energ\u00eda requerida en MWh\/a\u00f1o. La energ\u00eda que se subasta es definida por el Ministerio de Energ\u00eda y Minas en funci\u00f3n de un porcentaje objetivo cada 5 a\u00f1os, para la primera subasta se estableci\u00f3 un 5% del consumo nacional, esta energ\u00eda requerida para la primera subasta realizada en el Per\u00fa fue de 1314 GWh\/a\u00f1o.<\/span><\/p>\n<p style=\"text-align: justify;\"><span style=\"color: #000000;\">Las tarifas que resulten adjudicadas tendr\u00e1n un plazo de vigencia de 20 a\u00f1os. Respecto a la tarifa de adjudicaci\u00f3n, es definida como aquella tarifa que se garantiza a cada adjudicatario por la venta de su producci\u00f3n de energ\u00eda, expresada en ctv US$\/kWh, y es el resultado del proceso de subasta. Esta tarifa de adjudicaci\u00f3n contempla f\u00f3rmulas de actualizaci\u00f3n, que son definidas en las bases del proceso de subasta.<\/span><\/p>\n<p style=\"text-align: justify;\"><span style=\"color: #000000;\">Como consecuencia de las dos convocatorias de la Primera Subasta RER, se adjudicaron precios y una cuota de energ\u00eda anual, 18 proyectos hidroel\u00e9ctricos menores a 20 MW, 4 proyectos solares fotovoltaicos, 3 proyectos e\u00f3licos y 2 proyectos de biomasa, haciendo un total 429 MW y 1972 Gwh\/a\u00f1o. Esta energ\u00eda limpia deber\u00e1 ser inyectada al Sistema El\u00e9ctrico Interconectado Nacional a m\u00e1s tardar el 31 de diciembre de 2012.<\/span><\/p>\n<p style=\"text-align: justify;\"><span style=\"color: #000000;\">En la tabla 1, se presentan las caracter\u00edsticas t\u00e9cnicas y econ\u00f3micas de los proyectos RER adjudicados en la Primera Subasta del a\u00f1o 2009.<\/span><\/p>\n<p align=\"center\"><span style=\"color: #000000;\"><strong><a href=\"http:\/\/albertorios.eu\/wp-content\/uploads\/2011\/12\/Figura-6.jpg\"><span style=\"color: #000000;\"><img loading=\"lazy\" decoding=\"async\" class=\"alignnone size-medium wp-image-135\" title=\"Figura 6\" src=\"http:\/\/albertorios.eu\/wp-content\/uploads\/2011\/12\/Figura-6-300x247.jpg\" alt=\"\" width=\"510\" height=\"331\" \/><\/span><\/a><\/strong><\/span><\/p>\n<p align=\"center\"><span style=\"color: #000000;\"><strong>Tabla 1: Proyectos RER adjudicados en la primera subasta de energ\u00edas renovables. Fuente: Riquel Mitma. <\/strong><\/span><\/p>\n<p style=\"text-align: justify;\"><span style=\"color: #000000;\">En el mes de agosto del a\u00f1o 2011, se realiz\u00f3 en el Per\u00fa la Segunda Subasta de Energ\u00eda Renovables. En la subasta participaron 37 proyectos. 2 correspondieron a sistemas de aprovechamiento de biomasa, 6 a energ\u00eda e\u00f3lica, 13 a energ\u00eda solar y 16 a energ\u00eda hidroel\u00e9ctrica. Se adjudicaron 7 proyectos hidroel\u00e9ctricos con un total de 102 MW de potencia. Las ofertas de los proyectos hidroel\u00e9ctricos oscilaron entre 47 y 63 $\/MWh. Se adjudic\u00f3 un proyecto e\u00f3lico de 90 MW con un precio de 69 $\/MWh, un proyecto de biomasa de 99 $\/Mwh y un proyecto solar de 16 MW a un precio de 119,9 $\/Mwh.<\/span><\/p>\n<p style=\"text-align: justify;\"><span style=\"color: #000000;\">El Per\u00fa experimenta un importante incremento del consumo el\u00e9ctrico asociado al crecimiento econ\u00f3mico de las \u00faltimas d\u00e9cadas. El incesante incremento del consumo el\u00e9ctrico y las condiciones de inversi\u00f3n existentes en el pa\u00eds hacen del Per\u00fa un mercado refugio de gran inter\u00e9s para los inversores europeos.<\/span><\/p>\n<p style=\"text-align: justify;\"><span style=\"color: #000000;\">La necesidad de diversificar la matriz energ\u00e9tica, la preocupaci\u00f3n por el medio ambiente y el entorno normativo de promoci\u00f3n de energ\u00edas renovables crean las condiciones para el establecimiento de un mercado de generaci\u00f3n renovable de horizontes impredecibles.<\/span><\/p>\n<p><span style=\"color: #000000;\"><strong>Madrid, a\u00a010 de Diciembre del a\u00f1o 2011\u00a0 <\/strong><\/span><\/p>\n<!-- AddThis Advanced Settings generic via filter on the_content --><!-- AddThis Share Buttons generic via filter on the_content -->","protected":false},"excerpt":{"rendered":"<p>El Per\u00fa es uno de los pa\u00edses emergentes que mejor ha afrontado la crisis mundial convirti\u00e9ndose en un pa\u00eds\u00a0refugio para las inversiones extranjeras. El sector el\u00e9ctrico peruano, entre los a\u00f1os 2004 hasta 2009, recibi\u00f3 inversiones por un monto aproximado de &hellip; <a href=\"https:\/\/albertorios.eu\/?p=131\">Sigue leyendo <span class=\"meta-nav\">&rarr;<\/span><\/a><!-- AddThis Advanced Settings generic via filter on wp_trim_excerpt --><!-- AddThis Share Buttons generic via filter on wp_trim_excerpt --><\/p>\n","protected":false},"author":1,"featured_media":0,"comment_status":"closed","ping_status":"open","sticky":false,"template":"","format":"standard","meta":{"footnotes":""},"categories":[1],"tags":[],"class_list":["post-131","post","type-post","status-publish","format-standard","hentry","category-sector-electrico"],"_links":{"self":[{"href":"https:\/\/albertorios.eu\/index.php?rest_route=\/wp\/v2\/posts\/131","targetHints":{"allow":["GET"]}}],"collection":[{"href":"https:\/\/albertorios.eu\/index.php?rest_route=\/wp\/v2\/posts"}],"about":[{"href":"https:\/\/albertorios.eu\/index.php?rest_route=\/wp\/v2\/types\/post"}],"author":[{"embeddable":true,"href":"https:\/\/albertorios.eu\/index.php?rest_route=\/wp\/v2\/users\/1"}],"replies":[{"embeddable":true,"href":"https:\/\/albertorios.eu\/index.php?rest_route=%2Fwp%2Fv2%2Fcomments&post=131"}],"version-history":[{"count":11,"href":"https:\/\/albertorios.eu\/index.php?rest_route=\/wp\/v2\/posts\/131\/revisions"}],"predecessor-version":[{"id":1487,"href":"https:\/\/albertorios.eu\/index.php?rest_route=\/wp\/v2\/posts\/131\/revisions\/1487"}],"wp:attachment":[{"href":"https:\/\/albertorios.eu\/index.php?rest_route=%2Fwp%2Fv2%2Fmedia&parent=131"}],"wp:term":[{"taxonomy":"category","embeddable":true,"href":"https:\/\/albertorios.eu\/index.php?rest_route=%2Fwp%2Fv2%2Fcategories&post=131"},{"taxonomy":"post_tag","embeddable":true,"href":"https:\/\/albertorios.eu\/index.php?rest_route=%2Fwp%2Fv2%2Ftags&post=131"}],"curies":[{"name":"wp","href":"https:\/\/api.w.org\/{rel}","templated":true}]}}